{"id":43364,"date":"2026-04-16T07:58:00","date_gmt":"2026-04-16T05:58:00","guid":{"rendered":"https:\/\/www.lintelligentdabidjan.info\/news\/?p=43364"},"modified":"2026-04-16T07:58:07","modified_gmt":"2026-04-16T05:58:07","slug":"katiola-thomas-camara-salue-lengagement-des-paramedicaux-des-armees","status":"publish","type":"post","link":"https:\/\/www.lintelligentdabidjan.info\/news\/katiola-thomas-camara-salue-lengagement-des-paramedicaux-des-armees\/","title":{"rendered":"Katiola : Thomas Camara salue l\u2019engagement des param\u00e9dicaux des arm\u00e9es"},"content":{"rendered":"<p><strong>Les 10 et 11 avril 2026, Katiola a accueilli l\u2019assembl\u00e9e g\u00e9n\u00e9rale \u00e9lective de l\u2019Association des param\u00e9dicaux des Arm\u00e9es de C\u00f4te d\u2019Ivoire (APMA-CI). Parrain\u00e9e par le ministre et d\u00e9put\u00e9-maire Thomas Camara, la rencontre a mis en lumi\u00e8re le r\u00f4le des param\u00e9dicaux dans le dispositif de sant\u00e9 militaire et leur contribution aux actions civilo-militaires.<\/strong><\/p>\n<p>Au-del\u00e0 des travaux statutaires et du bilan 2021\u20112025 pr\u00e9sent\u00e9 par le pr\u00e9sident sortant, le capitaine Ouattara Gnenan, l\u2019\u00e9v\u00e9nement a servi de tribune pour saluer l\u2019engagement social et sanitaire de ces professionnels au profit des populations.<\/p>\n<p>Thomas Camara a rendu hommage au pr\u00e9sident Alassane Ouattara pour sa politique de modernisation des forces de d\u00e9fense, ainsi qu\u2019au vice\u2011Premier ministre, ministre de la D\u00e9fense, T\u00e9n\u00e9 Birahima Ouattara, pour les r\u00e9formes engag\u00e9es en faveur du professionnalisme de l\u2019arm\u00e9e.<\/p>\n<p>Le 10 avril, \u00e0 la mairie, des s\u00e9ances gratuites de d\u00e9pistage du diab\u00e8te et de l\u2019hypertension ont \u00e9t\u00e9 organis\u00e9es. En marge de l\u2019assembl\u00e9e, plus de 25 patients ont b\u00e9n\u00e9fici\u00e9 d\u2019interventions chirurgicales gratuites de la hernie, illustrant la dimension humanitaire de la rencontre.<\/p>\n<p>La c\u00e9r\u00e9monie s\u2019est tenue sous la pr\u00e9sidence du m\u00e9decin g\u00e9n\u00e9ral de brigade Amed Traor\u00e9, directeur de la Sant\u00e9 et de l\u2019Action sociale des Arm\u00e9es, et sous le patronage de la pr\u00e9f\u00e8te de r\u00e9gion, repr\u00e9sent\u00e9e par le secr\u00e9taire g\u00e9n\u00e9ral de pr\u00e9fecture.<\/p>\n<p>Le parrain a enfin invit\u00e9 les participants \u00e0 d\u00e9couvrir Katiola et son patrimoine, r\u00e9affirmant son engagement pour le d\u00e9veloppement et la coh\u00e9sion sociale dans le Hambol.<\/p>\n<p><strong>Nambac\u00e9r\u00e9 Jo\u00ebl\u00a0<\/strong><\/p>\n<p>&nbsp;<\/p>\n<p>&nbsp;<\/p>\n<p>&nbsp;<\/p>\n<p>&nbsp;<\/p>\n","protected":false},"excerpt":{"rendered":"<p>Les 10 et 11 avril 2026, Katiola a accueilli l\u2019assembl\u00e9e g\u00e9n\u00e9rale \u00e9lective de l\u2019Association des param\u00e9dicaux des Arm\u00e9es de C\u00f4te d\u2019Ivoire (APMA-CI). Parrain\u00e9e par le ministre et d\u00e9put\u00e9-maire Thomas Camara, la rencontre a mis en lumi\u00e8re le r\u00f4le des param\u00e9dicaux dans le dispositif de sant\u00e9 militaire et leur contribution aux actions civilo-militaires. Au-del\u00e0 des travaux [&hellip;]<\/p>\n","protected":false},"author":4,"featured_media":43365,"comment_status":"closed","ping_status":"closed","sticky":false,"template":"","format":"standard","meta":{"_monsterinsights_skip_tracking":false,"_monsterinsights_sitenote_active":false,"_monsterinsights_sitenote_note":"","_monsterinsights_sitenote_category":0,"footnotes":""},"categories":[2,17],"tags":[41,6368,7736,3190],"class_list":["post-43364","post","type-post","status-publish","format-standard","has-post-thumbnail","hentry","category-featured","category-politique","tag-katiola","tag-lengagement","tag-paramedicaux-des-armees","tag-thomas-camara"],"_links":{"self":[{"href":"https:\/\/www.lintelligentdabidjan.info\/news\/wp-json\/wp\/v2\/posts\/43364","targetHints":{"allow":["GET"]}}],"collection":[{"href":"https:\/\/www.lintelligentdabidjan.info\/news\/wp-json\/wp\/v2\/posts"}],"about":[{"href":"https:\/\/www.lintelligentdabidjan.info\/news\/wp-json\/wp\/v2\/types\/post"}],"author":[{"embeddable":true,"href":"https:\/\/www.lintelligentdabidjan.info\/news\/wp-json\/wp\/v2\/users\/4"}],"replies":[{"embeddable":true,"href":"https:\/\/www.lintelligentdabidjan.info\/news\/wp-json\/wp\/v2\/comments?post=43364"}],"version-history":[{"count":1,"href":"https:\/\/www.lintelligentdabidjan.info\/news\/wp-json\/wp\/v2\/posts\/43364\/revisions"}],"predecessor-version":[{"id":43366,"href":"https:\/\/www.lintelligentdabidjan.info\/news\/wp-json\/wp\/v2\/posts\/43364\/revisions\/43366"}],"wp:featuredmedia":[{"embeddable":true,"href":"https:\/\/www.lintelligentdabidjan.info\/news\/wp-json\/wp\/v2\/media\/43365"}],"wp:attachment":[{"href":"https:\/\/www.lintelligentdabidjan.info\/news\/wp-json\/wp\/v2\/media?parent=43364"}],"wp:term":[{"taxonomy":"category","embeddable":true,"href":"https:\/\/www.lintelligentdabidjan.info\/news\/wp-json\/wp\/v2\/categories?post=43364"},{"taxonomy":"post_tag","embeddable":true,"href":"https:\/\/www.lintelligentdabidjan.info\/news\/wp-json\/wp\/v2\/tags?post=43364"}],"curies":[{"name":"wp","href":"https:\/\/api.w.org\/{rel}","templated":true}]}}