{"id":43370,"date":"2026-04-16T08:05:55","date_gmt":"2026-04-16T06:05:55","guid":{"rendered":"https:\/\/www.lintelligentdabidjan.info\/news\/?p=43370"},"modified":"2026-04-16T08:05:55","modified_gmt":"2026-04-16T06:05:55","slug":"lintelligent-en-pdf-pole-penal-economique-et-financier-un-milliard-en-espece-dans-un-compte-bancaire-nest-pas-blanchiment","status":"publish","type":"post","link":"https:\/\/www.lintelligentdabidjan.info\/news\/lintelligent-en-pdf-pole-penal-economique-et-financier-un-milliard-en-espece-dans-un-compte-bancaire-nest-pas-blanchiment\/","title":{"rendered":"L&#8217;Intelligent en PDF:\u00a0P\u00f4le p\u00e9nal \u00e9conomique et financier  Un milliard en esp\u00e8ce dans un compte bancaire n&#8217;est pas blanchiment"},"content":{"rendered":"<p dir=\"ltr\"><strong>Fait rare au P\u00f4le p\u00e9nal \u00e9conomique et financier (PPEF) : l\u2019\u00c9tat de C\u00f4te d\u2019Ivoire, constitu\u00e9 partie civile, le parquet et la d\u00e9fense ont, le mercredi 15 avril 2026, abouti \u00e0 une m\u00eame conclusion dans l\u2019affaire minist\u00e8re public contre O. Lacina, poursuivi pour blanchiment de capitaux.<\/strong><\/p>\n<p dir=\"ltr\">La suite \u00e0 d\u00e9couvrir en ligne sur&#8230;<\/p>\n<p><a href=\"https:\/\/news.abidjan.net\/titrologie\/39-lintelligent-dabidjan\/articles\" target=\"_blank\" rel=\"noopener\">https:\/\/news.abidjan.net\/titrologie\/39-lintelligent-dabidjan\/articles<\/a><\/p>\n<p dir=\"ltr\">\u00c0 voir aussi Abidjan toujours \u00e0 bord du G7++ FOGG, Ce que le porte-parole du gouvernement a dit sur le retour de Tidjane Thiam; Z\u00e9ro voix contre le PND 2026-2030 \u00e0\u00a0 l&#8217;Assembl\u00e9e nationale ; Ce qu\u2019il s\u2019est pass\u00e9 au niveau de la coop\u00e9ration entre Abidjan et Rabat r\u00e9cemment au Maroc: Les dates butoir pour les internationaux au Mondial 2026, ce qu&#8217;Adama Bictogo a dit \u00e0 des jeunes.<\/p>\n<p dir=\"ltr\">Cliquez pour les d\u00e9tails<\/p>\n<p><a href=\"https:\/\/www.afrikipresse.com\/abonnement\" target=\"_blank\" rel=\"noopener\">https:\/\/www.afrikipresse.com\/abonnement<\/a><\/p>\n<p dir=\"ltr\">\u00c0\u00a0 lire \u00e9galement le gouvernement annonce des actions \u00e0 la Journ\u00e9e des loisirs<\/p>\n<p><a href=\"https:\/\/www.pressecotedivoire.fr\/titrologie\" target=\"_blank\" rel=\"noopener\">https:\/\/www.pressecotedivoire.fr\/titrologie<\/a><\/p>\n<p>&nbsp;<\/p>\n","protected":false},"excerpt":{"rendered":"<p>Fait rare au P\u00f4le p\u00e9nal \u00e9conomique et financier (PPEF) : l\u2019\u00c9tat de C\u00f4te d\u2019Ivoire, constitu\u00e9 partie civile, le parquet et la d\u00e9fense ont, le mercredi 15 avril 2026, abouti \u00e0 une m\u00eame conclusion dans l\u2019affaire minist\u00e8re public contre O. Lacina, poursuivi pour blanchiment de capitaux. La suite \u00e0 d\u00e9couvrir en ligne sur&#8230; https:\/\/news.abidjan.net\/titrologie\/39-lintelligent-dabidjan\/articles \u00c0 voir [&hellip;]<\/p>\n","protected":false},"author":4,"featured_media":43371,"comment_status":"closed","ping_status":"closed","sticky":false,"template":"","format":"standard","meta":{"footnotes":""},"categories":[2,3],"tags":[],"class_list":["post-43370","post","type-post","status-publish","format-standard","has-post-thumbnail","hentry","category-featured","category-societe"],"_links":{"self":[{"href":"https:\/\/www.lintelligentdabidjan.info\/news\/wp-json\/wp\/v2\/posts\/43370","targetHints":{"allow":["GET"]}}],"collection":[{"href":"https:\/\/www.lintelligentdabidjan.info\/news\/wp-json\/wp\/v2\/posts"}],"about":[{"href":"https:\/\/www.lintelligentdabidjan.info\/news\/wp-json\/wp\/v2\/types\/post"}],"author":[{"embeddable":true,"href":"https:\/\/www.lintelligentdabidjan.info\/news\/wp-json\/wp\/v2\/users\/4"}],"replies":[{"embeddable":true,"href":"https:\/\/www.lintelligentdabidjan.info\/news\/wp-json\/wp\/v2\/comments?post=43370"}],"version-history":[{"count":1,"href":"https:\/\/www.lintelligentdabidjan.info\/news\/wp-json\/wp\/v2\/posts\/43370\/revisions"}],"predecessor-version":[{"id":43372,"href":"https:\/\/www.lintelligentdabidjan.info\/news\/wp-json\/wp\/v2\/posts\/43370\/revisions\/43372"}],"wp:featuredmedia":[{"embeddable":true,"href":"https:\/\/www.lintelligentdabidjan.info\/news\/wp-json\/wp\/v2\/media\/43371"}],"wp:attachment":[{"href":"https:\/\/www.lintelligentdabidjan.info\/news\/wp-json\/wp\/v2\/media?parent=43370"}],"wp:term":[{"taxonomy":"category","embeddable":true,"href":"https:\/\/www.lintelligentdabidjan.info\/news\/wp-json\/wp\/v2\/categories?post=43370"},{"taxonomy":"post_tag","embeddable":true,"href":"https:\/\/www.lintelligentdabidjan.info\/news\/wp-json\/wp\/v2\/tags?post=43370"}],"curies":[{"name":"wp","href":"https:\/\/api.w.org\/{rel}","templated":true}]}}