{"id":43383,"date":"2026-04-17T07:48:56","date_gmt":"2026-04-17T05:48:56","guid":{"rendered":"https:\/\/www.lintelligentdabidjan.info\/news\/?p=43383"},"modified":"2026-04-17T07:49:03","modified_gmt":"2026-04-17T05:49:03","slug":"cote-divoireahoua-don-mello-salue-la-creation-du-fonds-souverain-et-interpelle","status":"publish","type":"post","link":"https:\/\/www.lintelligentdabidjan.info\/news\/cote-divoireahoua-don-mello-salue-la-creation-du-fonds-souverain-et-interpelle\/","title":{"rendered":"C\u00f4te d\u2019Ivoire:Ahoua Don Mello salue la cr\u00e9ation du fonds souverain et interpelle"},"content":{"rendered":"<p><strong>Le jeudi 16 avril 2026 ,\u00a0 dans une d\u00e9claration rendue publique par son directeur de la communication, Ahil\u00e9 Fernand dit L\u00e9o C\u00f4te d\u2019Ivoire, le Dr Ahoua Don Mello, vice-pr\u00e9sident du PPA-CI et candidat \u00e0 la pr\u00e9sidentielle 2025 ,\u00a0 a salu\u00e9 l\u2019adoption par le\u00a0 gouvernement en Conseil des ministres du\u00a0 mercredi 15 avril 2026 de la\u00a0 cr\u00e9ation du Fonds souverain strat\u00e9gique pour le d\u00e9veloppement de la C\u00f4te d\u2019Ivoire (FSDI), qu\u2019il consid\u00e8re comme une avanc\u00e9e majeure vers la souverainet\u00e9 \u00e9conomique, tout en mettant en garde contre les risques li\u00e9s \u00e0 la gouvernance de cet instrument.<\/strong><\/p>\n<p>Lors de la campagne pr\u00e9sidentielle de 2025, Ahoua Don Mello avait plac\u00e9 la souverainet\u00e9 \u00e9conomique au c\u0153ur de son programme, plaidant pour la cr\u00e9ation d\u2019un fonds souverain fond\u00e9 sur l\u2019autonomie financi\u00e8re et la transformation locale des ressources. L\u2019objectif affich\u00e9 , selon le Directeur de communication \u00e9tait de r\u00e9duire la d\u00e9pendance du pays vis-\u00e0-vis des march\u00e9s ext\u00e9rieurs et des bailleurs internationaux, tout en utilisant les revenus issus du cacao, des mines et des hydrocarbures pour soutenir l\u2019industrialisation.<\/p>\n<p>Le FSDI, d\u00e9sormais act\u00e9 par le gouvernement, s\u2019articule autour de trois piliers : un fonds d\u00e9di\u00e9 au financement des infrastructures strat\u00e9giques, un m\u00e9canisme de stabilisation \u00e9conomique destin\u00e9 \u00e0 amortir les chocs ext\u00e9rieurs, notamment les fluctuations des prix des mati\u00e8res premi\u00e8res, et un fonds de placement \u00e0 long terme \u00e0 vocation interg\u00e9n\u00e9rationnelle. Selon les autorit\u00e9s, ce dispositif sera aliment\u00e9 par une quote-part des revenus tir\u00e9s de l\u2019exploitation des ressources mini\u00e8res et \u00e9nerg\u00e9tiques.<\/p>\n<p>Malgr\u00e9 des divergences id\u00e9ologiques entre la vision d\u2019Ahoua Don Mello, favorable \u00e0 un retour de l\u2019\u00c9tat dans les secteurs strat\u00e9giques, et celle historiquement d\u00e9fendue par le pr\u00e9sident Alassane Ouattara, davantage orient\u00e9e vers le lib\u00e9ralisme \u00e9conomique, l\u2019ancien ministre estime qu\u2019un consensus technique \u00e9merge aujourd\u2019hui sur la n\u00e9cessit\u00e9 de mieux capter la rente des ressources naturelles. Il voit dans cette initiative \u00ab un exemple de convergence entre les propositions de l\u2019opposition et les imp\u00e9ratifs de gestion de l\u2019\u00c9tat \u00bb.<\/p>\n<p>Toutefois, le responsable politique alerte sur plusieurs risques majeurs, notamment ceux li\u00e9s \u00e0 la gouvernance, \u00e0 la politisation et \u00e0 l\u2019opacit\u00e9 des investissements. Il met en garde contre la possibilit\u00e9 que le fonds devienne une \u00ab caisse noire \u00bb, en particulier s\u2019il est aliment\u00e9 par des ressources extractives et si les nominations \u00e0 sa t\u00eate reposent sur des consid\u00e9rations politiques. Dans un tel cas, pr\u00e9vient-il, les investissements pourraient privil\u00e9gier des projets \u00e0 court terme \u00e0 vis\u00e9e \u00e9lectorale, au d\u00e9triment de la rentabilit\u00e9 et de la durabilit\u00e9.<\/p>\n<p>Pour renforcer l\u2019efficacit\u00e9 du dispositif, Ahoua Don Mello propose d\u2019\u00e9largir la base de financement du fonds en y int\u00e9grant les r\u00e9serves du secteur caf\u00e9-cacao. Il recommande \u00e9galement l\u2019adoption des Principes de Santiago, qui encadrent la transparence, la redevabilit\u00e9 et la gestion ind\u00e9pendante des fonds souverains \u00e0 l\u2019\u00e9chelle mondiale.<\/p>\n<p>Au-del\u00e0 du FSDI, il plaide pour un ensemble de r\u00e9formes structurelles visant \u00e0 moderniser le syst\u00e8me financier ivoirien et \u00e0 attirer les capitaux. Parmi les mesures avanc\u00e9es figurent l\u2019adoption d\u2019une l\u00e9gislation sur les crypto-actifs pour permettre la tokenisation des ressources, la cr\u00e9ation d\u2019une zone franche financi\u00e8re, ainsi qu\u2019une r\u00e9vision des accords mon\u00e9taires avec la France afin de mobiliser davantage de r\u00e9serves en or et en devises.<\/p>\n<p>Ahoua Don Mello consid\u00e8re le fonds souverain comme un levier strat\u00e9gique, mais insiste sur la n\u00e9cessit\u00e9 de l\u2019inscrire dans un \u00e9cosyst\u00e8me financier coh\u00e9rent. \u00ab Le FSDI peut \u00eatre le moteur de l\u2019autonomie \u00e9conomique, mais sans r\u00e9formes structurelles, il risque de ne pas produire les effets escompt\u00e9s \u00bb, souligne-t-il.<\/p>\n<p><strong>Tour\u00e9 Abdoulaye<\/strong><\/p>\n<p>&nbsp;<\/p>\n<p>&nbsp;<\/p>\n<p>&nbsp;<\/p>\n<p>&nbsp;<\/p>\n","protected":false},"excerpt":{"rendered":"<p>Le jeudi 16 avril 2026 ,\u00a0 dans une d\u00e9claration rendue publique par son directeur de la communication, Ahil\u00e9 Fernand dit L\u00e9o C\u00f4te d\u2019Ivoire, le Dr Ahoua Don Mello, vice-pr\u00e9sident du PPA-CI et candidat \u00e0 la pr\u00e9sidentielle 2025 ,\u00a0 a salu\u00e9 l\u2019adoption par le\u00a0 gouvernement en Conseil des ministres du\u00a0 mercredi 15 avril 2026 de la\u00a0 [&hellip;]<\/p>\n","protected":false},"author":4,"featured_media":43384,"comment_status":"closed","ping_status":"closed","sticky":false,"template":"","format":"standard","meta":{"_monsterinsights_skip_tracking":false,"_monsterinsights_sitenote_active":false,"_monsterinsights_sitenote_note":"","_monsterinsights_sitenote_category":0,"footnotes":""},"categories":[2,17],"tags":[5876,77,7744],"class_list":["post-43383","post","type-post","status-publish","format-standard","has-post-thumbnail","hentry","category-featured","category-politique","tag-ahoua-don-mello","tag-cote-divoire","tag-la-creation-du-fonds"],"_links":{"self":[{"href":"https:\/\/www.lintelligentdabidjan.info\/news\/wp-json\/wp\/v2\/posts\/43383","targetHints":{"allow":["GET"]}}],"collection":[{"href":"https:\/\/www.lintelligentdabidjan.info\/news\/wp-json\/wp\/v2\/posts"}],"about":[{"href":"https:\/\/www.lintelligentdabidjan.info\/news\/wp-json\/wp\/v2\/types\/post"}],"author":[{"embeddable":true,"href":"https:\/\/www.lintelligentdabidjan.info\/news\/wp-json\/wp\/v2\/users\/4"}],"replies":[{"embeddable":true,"href":"https:\/\/www.lintelligentdabidjan.info\/news\/wp-json\/wp\/v2\/comments?post=43383"}],"version-history":[{"count":1,"href":"https:\/\/www.lintelligentdabidjan.info\/news\/wp-json\/wp\/v2\/posts\/43383\/revisions"}],"predecessor-version":[{"id":43385,"href":"https:\/\/www.lintelligentdabidjan.info\/news\/wp-json\/wp\/v2\/posts\/43383\/revisions\/43385"}],"wp:featuredmedia":[{"embeddable":true,"href":"https:\/\/www.lintelligentdabidjan.info\/news\/wp-json\/wp\/v2\/media\/43384"}],"wp:attachment":[{"href":"https:\/\/www.lintelligentdabidjan.info\/news\/wp-json\/wp\/v2\/media?parent=43383"}],"wp:term":[{"taxonomy":"category","embeddable":true,"href":"https:\/\/www.lintelligentdabidjan.info\/news\/wp-json\/wp\/v2\/categories?post=43383"},{"taxonomy":"post_tag","embeddable":true,"href":"https:\/\/www.lintelligentdabidjan.info\/news\/wp-json\/wp\/v2\/tags?post=43383"}],"curies":[{"name":"wp","href":"https:\/\/api.w.org\/{rel}","templated":true}]}}