{"id":43389,"date":"2026-04-17T15:49:54","date_gmt":"2026-04-17T13:49:54","guid":{"rendered":"https:\/\/www.lintelligentdabidjan.info\/news\/?p=43389"},"modified":"2026-04-17T15:49:54","modified_gmt":"2026-04-17T13:49:54","slug":"transformation-des-systemes-agroalimentaires-la-cote-divoire-decline-cinq-priorites-a-nouakchott","status":"publish","type":"post","link":"https:\/\/www.lintelligentdabidjan.info\/news\/transformation-des-systemes-agroalimentaires-la-cote-divoire-decline-cinq-priorites-a-nouakchott\/","title":{"rendered":"Transformation des syst\u00e8mes agroalimentaires:  La C\u00f4te d\u2019Ivoire d\u00e9cline cinq priorit\u00e9s \u00e0 Nouakchott"},"content":{"rendered":"<p><strong>Le ministre de l\u2019Agriculture, du D\u00e9veloppement rural et des Productions vivri\u00e8res, Bruno Nabagn\u00e9 Kon\u00e9, a pris part, le 17 avril 2026 \u00e0 Nouakchott, \u00e0 la premi\u00e8re r\u00e9union minist\u00e9rielle de la 34\u1d49 Conf\u00e9rence r\u00e9gionale de la FAO pour l\u2019Afrique.<\/strong><\/p>\n<p>Tenue au Centre international de conf\u00e9rences Al Mourabitoun, cette rencontre de haut niveau \u00e9tait consacr\u00e9e \u00e0 l\u2019analyse des leviers de transformation des syst\u00e8mes agroalimentaires sur le continent. Bruno Kon\u00e9, chef de la d\u00e9l\u00e9gation ivoirienne a tir\u00e9 deux enseignements majeurs, aux c\u00f4t\u00e9s de son coll\u00e8gue, Me Adama Kamara, ministre de l\u2019Emploi, de la Protection sociale et de la Formation professionnelle : l\u2019urgence de rompre avec une d\u00e9pendance structurelle persistante et la n\u00e9cessit\u00e9 d\u2019adopter des approches anticipatives fond\u00e9es sur l\u2019innovation, la prospective et une gouvernance renforc\u00e9e.<br \/>\n\u00ab\u202fLa C\u00f4te d\u2019Ivoire souscrit pleinement \u00e0 ces orientations, d\u00e9j\u00e0 int\u00e9gr\u00e9es dans la pr\u00e9paration du troisi\u00e8me Programme national d\u2019investissement agricole (PNIA 3), dont le processus sera lanc\u00e9 dans les prochaines semaines\u202f\u00bb, a-t-il indiqu\u00e9.<\/p>\n<p>Dans cette dynamique, la C\u00f4te d\u2019Ivoire a d\u00e9clin\u00e9 cinq priorit\u00e9s strat\u00e9giques : acc\u00e9l\u00e9rer la transformation structurelle \u00e0 travers des cha\u00eenes de valeur comp\u00e9titives et industrialis\u00e9es ; renforcer la r\u00e9silience climatique via des mod\u00e8les agroforestiers durables ; approfondir l\u2019int\u00e9gration r\u00e9gionale pour des march\u00e9s agricoles plus solides ; exploiter le num\u00e9rique pour am\u00e9liorer la productivit\u00e9 et l\u2019acc\u00e8s des producteurs aux innovations et consolider la protection sociale des agriculteurs tout en d\u00e9veloppant l\u2019\u00e9conomie bleue.<\/p>\n<p>Bruno Kon\u00e9 a \u00e9galement r\u00e9affirm\u00e9 l\u2019ambition de la C\u00f4te d&#8217;Ivoire, sous l\u2019impulsion du pr\u00e9sident Alassane Ouattara, de consolider sa position de puissance agricole de r\u00e9f\u00e9rence en Afrique.<\/p>\n<p>Leader mondial du cacao et acteur majeur de l\u2019anacarde et des cultures vivri\u00e8res, la C\u00f4te d\u2019Ivoire entend renforcer les synergies avec ses partenaires et partager son exp\u00e9rience \u00e0 l\u2019\u00e9chelle continentale.<\/p>\n<p><strong>Olivier Dion<\/strong><\/p>\n","protected":false},"excerpt":{"rendered":"<p>Le ministre de l\u2019Agriculture, du D\u00e9veloppement rural et des Productions vivri\u00e8res, Bruno Nabagn\u00e9 Kon\u00e9, a pris part, le 17 avril 2026 \u00e0 Nouakchott, \u00e0 la premi\u00e8re r\u00e9union minist\u00e9rielle de la 34\u1d49 Conf\u00e9rence r\u00e9gionale de la FAO pour l\u2019Afrique. Tenue au Centre international de conf\u00e9rences Al Mourabitoun, cette rencontre de haut niveau \u00e9tait consacr\u00e9e \u00e0 l\u2019analyse [&hellip;]<\/p>\n","protected":false},"author":4,"featured_media":43390,"comment_status":"closed","ping_status":"closed","sticky":false,"template":"","format":"standard","meta":{"_monsterinsights_skip_tracking":false,"_monsterinsights_sitenote_active":false,"_monsterinsights_sitenote_note":"","_monsterinsights_sitenote_category":0,"footnotes":""},"categories":[2,18],"tags":[5380,7746,7745],"class_list":["post-43389","post","type-post","status-publish","format-standard","has-post-thumbnail","hentry","category-featured","category-economie","tag-la-cote-divoire","tag-nouakchott","tag-transformation-des-systemes-agroalimentaires"],"_links":{"self":[{"href":"https:\/\/www.lintelligentdabidjan.info\/news\/wp-json\/wp\/v2\/posts\/43389","targetHints":{"allow":["GET"]}}],"collection":[{"href":"https:\/\/www.lintelligentdabidjan.info\/news\/wp-json\/wp\/v2\/posts"}],"about":[{"href":"https:\/\/www.lintelligentdabidjan.info\/news\/wp-json\/wp\/v2\/types\/post"}],"author":[{"embeddable":true,"href":"https:\/\/www.lintelligentdabidjan.info\/news\/wp-json\/wp\/v2\/users\/4"}],"replies":[{"embeddable":true,"href":"https:\/\/www.lintelligentdabidjan.info\/news\/wp-json\/wp\/v2\/comments?post=43389"}],"version-history":[{"count":1,"href":"https:\/\/www.lintelligentdabidjan.info\/news\/wp-json\/wp\/v2\/posts\/43389\/revisions"}],"predecessor-version":[{"id":43391,"href":"https:\/\/www.lintelligentdabidjan.info\/news\/wp-json\/wp\/v2\/posts\/43389\/revisions\/43391"}],"wp:featuredmedia":[{"embeddable":true,"href":"https:\/\/www.lintelligentdabidjan.info\/news\/wp-json\/wp\/v2\/media\/43390"}],"wp:attachment":[{"href":"https:\/\/www.lintelligentdabidjan.info\/news\/wp-json\/wp\/v2\/media?parent=43389"}],"wp:term":[{"taxonomy":"category","embeddable":true,"href":"https:\/\/www.lintelligentdabidjan.info\/news\/wp-json\/wp\/v2\/categories?post=43389"},{"taxonomy":"post_tag","embeddable":true,"href":"https:\/\/www.lintelligentdabidjan.info\/news\/wp-json\/wp\/v2\/tags?post=43389"}],"curies":[{"name":"wp","href":"https:\/\/api.w.org\/{rel}","templated":true}]}}