{"id":43397,"date":"2026-04-17T21:24:36","date_gmt":"2026-04-17T19:24:36","guid":{"rendered":"https:\/\/www.lintelligentdabidjan.info\/news\/?p=43397"},"modified":"2026-04-17T21:24:36","modified_gmt":"2026-04-17T19:24:36","slug":"buyo-faye-bachirou-appelle-a-rompre-avec-linformalite-dans-le-commerce-de-lor","status":"publish","type":"post","link":"https:\/\/www.lintelligentdabidjan.info\/news\/buyo-faye-bachirou-appelle-a-rompre-avec-linformalite-dans-le-commerce-de-lor\/","title":{"rendered":"\u00a0Buyo: Faye Bachirou appelle \u00e0 rompre avec l\u2019informalit\u00e9 dans le commerce de l\u2019or"},"content":{"rendered":"<div><strong>Les localit\u00e9s de Dap\u00e9oua et Amanikro, dans le d\u00e9partement de Buyo (r\u00e9gion de la Nawa), ont accueilli, le 10 avril 2026, une mission de sensibilisation et de structuration du Syndicat des Acheteurs et Vendeurs d\u2019Or et de Diamants de C\u00f4te d\u2019Ivoire (SAVOD-CI).<\/strong><\/div>\n<div><\/div>\n<div>Cette initiative a \u00e9t\u00e9 marqu\u00e9e par l\u2019installation de points focaux et l\u2019ouverture de sous-bureaux d\u00e9di\u00e9s \u00e0 l\u2019encadrement des activit\u00e9s du secteur aurif\u00e8re.<\/div>\n<div><\/div>\n<div>\u00c0 cette occasion, le vice-pr\u00e9sident du SAVOD-CI, a lanc\u00e9 un appel \u00e0 une r\u00e9forme des pratiques. \u00ab Cette rencontre constitue un acte de responsabilit\u00e9 collective \u00bb, a-t-il d\u00e9clar\u00e9, insistant sur la n\u00e9cessit\u00e9 de structurer davantage le secteur.<\/div>\n<div><\/div>\n<div>S\u2019exprimant au nom du pr\u00e9sident du syndicat,\u00a0 il a soulign\u00e9 l\u2019importance \u00e9conomique du commerce de l\u2019or, tout en mettant en garde contre les d\u00e9rives li\u00e9es \u00e0 l\u2019informalit\u00e9. \u00ab Lorsqu\u2019il est bien encadr\u00e9, le secteur aurif\u00e8re peut \u00eatre un v\u00e9ritable moteur de cr\u00e9ation de richesse. Mais sans organisation ni tra\u00e7abilit\u00e9, il engendre des pertes pour l\u2019\u00c9tat \u00bb, a-t-il indiqu\u00e9.<\/div>\n<div><\/div>\n<div>Il a exhort\u00e9 les acteurs \u00e0 changer de paradigme : \u00ab Le temps du fonctionnement approximatif doit c\u00e9der la place \u00e0 une organisation rigoureuse et responsable. \u00bb<\/div>\n<div><\/div>\n<div>Il a \u00e9galement rappel\u00e9 que l\u2019int\u00e9gration dans le formel constitue \u00ab une garantie de s\u00e9curit\u00e9, de cr\u00e9dibilit\u00e9 et de p\u00e9rennit\u00e9 \u00bb.<\/div>\n<div><\/div>\n<div>De son c\u00f4t\u00e9, la repr\u00e9sentante du Directeur g\u00e9n\u00e9ral des Mines et de la G\u00e9ologie, Madame Kouyat\u00e9 A\u00efssata, a salu\u00e9 une initiative conforme aux efforts de formalisation du secteur.<\/div>\n<div><\/div>\n<div>Elle a insist\u00e9 sur le respect des r\u00e8gles, notamment en mati\u00e8re de tra\u00e7abilit\u00e9, d\u2019identification des partenaires et de recours aux circuits financiers officiels.<\/div>\n<div><\/div>\n<div>Plac\u00e9e sous la supervision de Kouassi Kouassi No\u00ebl, d\u00e9l\u00e9gu\u00e9 du SAVOD-CI pour la r\u00e9gion de la Nawa, cette mission vise \u00e0 renforcer la structuration de la fili\u00e8re aurif\u00e8re ivoirienne et \u00e0 am\u00e9liorer la collaboration entre les autorit\u00e9s et les acteurs du terrain.<\/div>\n<div><\/div>\n<div><strong>\u00a0Beker Yao avec Sercom<\/strong><\/div>\n<div><\/div>\n<div><\/div>\n<div><\/div>\n<div><\/div>\n<div><\/div>\n<div><\/div>\n<div><\/div>\n<div><\/div>\n<div><\/div>\n","protected":false},"excerpt":{"rendered":"<p>Les localit\u00e9s de Dap\u00e9oua et Amanikro, dans le d\u00e9partement de Buyo (r\u00e9gion de la Nawa), ont accueilli, le 10 avril 2026, une mission de sensibilisation et de structuration du Syndicat des Acheteurs et Vendeurs d\u2019Or et de Diamants de C\u00f4te d\u2019Ivoire (SAVOD-CI). Cette initiative a \u00e9t\u00e9 marqu\u00e9e par l\u2019installation de points focaux et l\u2019ouverture de [&hellip;]<\/p>\n","protected":false},"author":4,"featured_media":43398,"comment_status":"closed","ping_status":"closed","sticky":false,"template":"","format":"standard","meta":{"_monsterinsights_skip_tracking":false,"_monsterinsights_sitenote_active":false,"_monsterinsights_sitenote_note":"","_monsterinsights_sitenote_category":0,"footnotes":""},"categories":[2,3],"tags":[7752,7755,7753,7754],"class_list":["post-43397","post","type-post","status-publish","format-standard","has-post-thumbnail","hentry","category-featured","category-societe","tag-buyo","tag-commerce-de-lor","tag-faye-bachirou","tag-linformalite"],"_links":{"self":[{"href":"https:\/\/www.lintelligentdabidjan.info\/news\/wp-json\/wp\/v2\/posts\/43397","targetHints":{"allow":["GET"]}}],"collection":[{"href":"https:\/\/www.lintelligentdabidjan.info\/news\/wp-json\/wp\/v2\/posts"}],"about":[{"href":"https:\/\/www.lintelligentdabidjan.info\/news\/wp-json\/wp\/v2\/types\/post"}],"author":[{"embeddable":true,"href":"https:\/\/www.lintelligentdabidjan.info\/news\/wp-json\/wp\/v2\/users\/4"}],"replies":[{"embeddable":true,"href":"https:\/\/www.lintelligentdabidjan.info\/news\/wp-json\/wp\/v2\/comments?post=43397"}],"version-history":[{"count":1,"href":"https:\/\/www.lintelligentdabidjan.info\/news\/wp-json\/wp\/v2\/posts\/43397\/revisions"}],"predecessor-version":[{"id":43399,"href":"https:\/\/www.lintelligentdabidjan.info\/news\/wp-json\/wp\/v2\/posts\/43397\/revisions\/43399"}],"wp:featuredmedia":[{"embeddable":true,"href":"https:\/\/www.lintelligentdabidjan.info\/news\/wp-json\/wp\/v2\/media\/43398"}],"wp:attachment":[{"href":"https:\/\/www.lintelligentdabidjan.info\/news\/wp-json\/wp\/v2\/media?parent=43397"}],"wp:term":[{"taxonomy":"category","embeddable":true,"href":"https:\/\/www.lintelligentdabidjan.info\/news\/wp-json\/wp\/v2\/categories?post=43397"},{"taxonomy":"post_tag","embeddable":true,"href":"https:\/\/www.lintelligentdabidjan.info\/news\/wp-json\/wp\/v2\/tags?post=43397"}],"curies":[{"name":"wp","href":"https:\/\/api.w.org\/{rel}","templated":true}]}}