{"id":43400,"date":"2026-04-17T21:26:37","date_gmt":"2026-04-17T19:26:37","guid":{"rendered":"https:\/\/www.lintelligentdabidjan.info\/news\/?p=43400"},"modified":"2026-04-17T21:44:51","modified_gmt":"2026-04-17T19:44:51","slug":"developpement-local-et-cohesion-sociale-le-canton-akoue-se-reorganise","status":"publish","type":"post","link":"https:\/\/www.lintelligentdabidjan.info\/news\/developpement-local-et-cohesion-sociale-le-canton-akoue-se-reorganise\/","title":{"rendered":"D\u00e9veloppement local et coh\u00e9sion sociale:\u00a0Le canton Akou\u00e8 se r\u00e9organise"},"content":{"rendered":"<div><strong>Apr\u00e8s plusieurs mois de l\u00e9thargie li\u00e9s \u00e0 des probl\u00e8mes de sant\u00e9 de ses principaux responsables, l\u2019Association des chefs traditionnels de villages du d\u00e9partement de Yamoussoukro entend se relancer. Ses membres se sont r\u00e9unis, le mercredi 15\u00a0 avril 2026, \u00e0 la case du Dialogue de la sous-pr\u00e9fecture, pour insuffler un nouveau dynamisme \u00e0 leur organisation.<\/strong><\/div>\n<div><\/div>\n<div>Au terme de cette rencontre, les participants ont annonc\u00e9 la tenue prochaine d\u2019une assembl\u00e9e g\u00e9n\u00e9rale constitutive et \u00e9lective. Objectif : restructurer l\u2019association et renforcer son efficacit\u00e9 dans la promotion du d\u00e9veloppement local et de la coh\u00e9sion sociale dans les villages du canton Akou\u00e8.<\/div>\n<div><\/div>\n<div>Prenant la parole, Nana Kouassi Konan, chef du village-quartier Kami et premier vice-pr\u00e9sident de l\u2019association Agoua, a reconnu les difficult\u00e9s travers\u00e9es ces derniers mois. \u00ab Plusieurs de nos leaders ont \u00e9t\u00e9 malades, ce qui a fortement ralenti nos activit\u00e9s. Aujourd\u2019hui, nous avons d\u00e9cid\u00e9 de nous retrouver pour relancer notre organisation \u00bb, a-t-il expliqu\u00e9.<\/div>\n<div><\/div>\n<div>Il a salu\u00e9 la pr\u00e9sence du chef de canton, Nana Boigny N\u2019dri III, venu \u00e9couter les pr\u00e9occupations des chefs de villages. Pour lui, cette d\u00e9marche marque un tournant dans la redynamisation de la chefferie traditionnelle \u00e0 Yamoussoukro.<\/div>\n<div><\/div>\n<div>Insistant sur la n\u00e9cessit\u00e9 de l\u2019unit\u00e9, Nana Kouassi Konan a appel\u00e9 ses pairs \u00e0 la solidarit\u00e9 et \u00e0 la fraternit\u00e9. \u00ab L\u2019union fait la force. Sans coh\u00e9sion, aucune action durable n\u2019est possible. Le chef de village est le garant de la coh\u00e9sion sociale ; il doit donc \u00eatre lui-m\u00eame un mod\u00e8le d\u2019unit\u00e9 \u00bb, a-t-il soulign\u00e9.<\/div>\n<div><\/div>\n<div>\u00c0 travers cette initiative, les chefs traditionnels entendent renforcer leur r\u00f4le dans la gouvernance locale et contribuer davantage au d\u00e9veloppement harmonieux des communaut\u00e9s.<\/div>\n<div><\/div>\n<div><\/div>\n<div><\/div>\n<div><strong>Harry Diallo, depuis Yamoussoukro<\/strong><\/div>\n<div><\/div>\n<div><\/div>\n<div><\/div>\n<div><\/div>\n<div><\/div>\n","protected":false},"excerpt":{"rendered":"<p>Apr\u00e8s plusieurs mois de l\u00e9thargie li\u00e9s \u00e0 des probl\u00e8mes de sant\u00e9 de ses principaux responsables, l\u2019Association des chefs traditionnels de villages du d\u00e9partement de Yamoussoukro entend se relancer. Ses membres se sont r\u00e9unis, le mercredi 15\u00a0 avril 2026, \u00e0 la case du Dialogue de la sous-pr\u00e9fecture, pour insuffler un nouveau dynamisme \u00e0 leur organisation. Au [&hellip;]<\/p>\n","protected":false},"author":4,"featured_media":43405,"comment_status":"closed","ping_status":"closed","sticky":false,"template":"","format":"standard","meta":{"_monsterinsights_skip_tracking":false,"_monsterinsights_sitenote_active":false,"_monsterinsights_sitenote_note":"","_monsterinsights_sitenote_category":0,"footnotes":""},"categories":[2,3],"tags":[1840,3077,7756,7757],"class_list":["post-43400","post","type-post","status-publish","format-standard","has-post-thumbnail","hentry","category-featured","category-societe","tag-cohesion-sociale","tag-developpement-local","tag-le-canton-akoue","tag-reorganise"],"_links":{"self":[{"href":"https:\/\/www.lintelligentdabidjan.info\/news\/wp-json\/wp\/v2\/posts\/43400","targetHints":{"allow":["GET"]}}],"collection":[{"href":"https:\/\/www.lintelligentdabidjan.info\/news\/wp-json\/wp\/v2\/posts"}],"about":[{"href":"https:\/\/www.lintelligentdabidjan.info\/news\/wp-json\/wp\/v2\/types\/post"}],"author":[{"embeddable":true,"href":"https:\/\/www.lintelligentdabidjan.info\/news\/wp-json\/wp\/v2\/users\/4"}],"replies":[{"embeddable":true,"href":"https:\/\/www.lintelligentdabidjan.info\/news\/wp-json\/wp\/v2\/comments?post=43400"}],"version-history":[{"count":1,"href":"https:\/\/www.lintelligentdabidjan.info\/news\/wp-json\/wp\/v2\/posts\/43400\/revisions"}],"predecessor-version":[{"id":43401,"href":"https:\/\/www.lintelligentdabidjan.info\/news\/wp-json\/wp\/v2\/posts\/43400\/revisions\/43401"}],"wp:featuredmedia":[{"embeddable":true,"href":"https:\/\/www.lintelligentdabidjan.info\/news\/wp-json\/wp\/v2\/media\/43405"}],"wp:attachment":[{"href":"https:\/\/www.lintelligentdabidjan.info\/news\/wp-json\/wp\/v2\/media?parent=43400"}],"wp:term":[{"taxonomy":"category","embeddable":true,"href":"https:\/\/www.lintelligentdabidjan.info\/news\/wp-json\/wp\/v2\/categories?post=43400"},{"taxonomy":"post_tag","embeddable":true,"href":"https:\/\/www.lintelligentdabidjan.info\/news\/wp-json\/wp\/v2\/tags?post=43400"}],"curies":[{"name":"wp","href":"https:\/\/api.w.org\/{rel}","templated":true}]}}