{"id":43402,"date":"2026-04-17T21:28:45","date_gmt":"2026-04-17T19:28:45","guid":{"rendered":"https:\/\/www.lintelligentdabidjan.info\/news\/?p=43402"},"modified":"2026-04-17T21:31:54","modified_gmt":"2026-04-17T19:31:54","slug":"basketball-les-jca-kings-lancent-leur-ambition-continentale","status":"publish","type":"post","link":"https:\/\/www.lintelligentdabidjan.info\/news\/basketball-les-jca-kings-lancent-leur-ambition-continentale\/","title":{"rendered":"\u00a0Basketball :   Les JCA Kings lancent leur ambition continentale"},"content":{"rendered":"<div><strong>Le club ivoirien JCA Kings a officiellement lanc\u00e9 sa campagne pour la Basketball Africa League (BAL) 2026, lors d\u2019une conf\u00e9rence de presse tenue le mercredi 15 avril \u00e0 Abidjan-Cocody, \u00e0 la Villa JCA.<\/strong><\/div>\n<div><\/div>\n<div>Autour du pr\u00e9sident Isma\u00ebl Ciss\u00e9, du coach St\u00e9phane Konat\u00e9 et du capitaine Ulrich Kra, cette rencontre a marqu\u00e9 le d\u00e9but du compte \u00e0 rebours avant l\u2019entr\u00e9e en lice du club dans la plus prestigieuse comp\u00e9tition de basketball du continent.<\/div>\n<div><\/div>\n<div>\u00c0 cette occasion, le pr\u00e9sident du club a insist\u00e9 sur la port\u00e9e de cette participation. \u00ab\u202fNous ne lan\u00e7ons pas simplement une participation \u00e0 une comp\u00e9tition. Nous lan\u00e7ons une vision, une dynamique, un mouvement.\u202f\u00bb Selon lui, les JCA Kings se positionnent comme un symbole d\u2019excellence, de discipline et de fiert\u00e9 nationale. Port\u00e9 par le slogan From Abidjan to the World, le club ambitionne de rivaliser avec les meilleures formations africaines et d\u2019inspirer la jeunesse.<\/div>\n<div><\/div>\n<div>Il a \u00e9galement mis en avant les efforts organisationnels du club, notamment la mise en place de la Villa JCA, con\u00e7ue comme un centre d\u00e9di\u00e9 \u00e0 la performance. \u00ab\u202fLa BAL 2026 n\u2019est pas une fin, mais un point de d\u00e9part. Aujourd\u2019hui, nous \u00e9crivons le premier chapitre d\u2019une grande histoire.\u202f\u00bb<\/div>\n<div><\/div>\n<div>De son c\u00f4t\u00e9, le coach, St\u00e9phane Konat\u00e9 a \u00e9voqu\u00e9 les d\u00e9fis sportifs. \u00ab\u202fNous avons deux \u00e9quipes en une\u202f\u00bb, a-t-il expliqu\u00e9, faisant r\u00e9f\u00e9rence \u00e0 l\u2019int\u00e9gration entre joueurs locaux et renforts internationaux. Pour le Coach, l\u2019objectif est de construire un collectif comp\u00e9titif et coh\u00e9rent.<\/div>\n<div><\/div>\n<div>Coorganis\u00e9e par la National Basketball Association et la F\u00e9d\u00e9ration internationale de basketball, la BAL 2026 r\u00e9unira 12 \u00e9quipes. Les JCA Kings \u00e9volueront dans la Conf\u00e9rence Sahara (BAL 2026), pr\u00e9vue \u00e0 Rabat du 24 avril au 3 mai.<\/div>\n<div><\/div>\n<div><\/div>\n<div><\/div>\n<div><strong>Mamadou Ouattara avec Ly Abdul\u00a0<\/strong><\/div>\n<div><\/div>\n<div><\/div>\n","protected":false},"excerpt":{"rendered":"<p>Le club ivoirien JCA Kings a officiellement lanc\u00e9 sa campagne pour la Basketball Africa League (BAL) 2026, lors d\u2019une conf\u00e9rence de presse tenue le mercredi 15 avril \u00e0 Abidjan-Cocody, \u00e0 la Villa JCA. Autour du pr\u00e9sident Isma\u00ebl Ciss\u00e9, du coach St\u00e9phane Konat\u00e9 et du capitaine Ulrich Kra, cette rencontre a marqu\u00e9 le d\u00e9but du compte [&hellip;]<\/p>\n","protected":false},"author":4,"featured_media":43404,"comment_status":"closed","ping_status":"closed","sticky":false,"template":"","format":"standard","meta":{"_monsterinsights_skip_tracking":false,"_monsterinsights_sitenote_active":false,"_monsterinsights_sitenote_note":"","_monsterinsights_sitenote_category":0,"footnotes":""},"categories":[2,23],"tags":[7759,679,7758],"class_list":["post-43402","post","type-post","status-publish","format-standard","has-post-thumbnail","hentry","category-featured","category-sport","tag-ambition-continentale","tag-basketball","tag-les-jca-kings"],"_links":{"self":[{"href":"https:\/\/www.lintelligentdabidjan.info\/news\/wp-json\/wp\/v2\/posts\/43402","targetHints":{"allow":["GET"]}}],"collection":[{"href":"https:\/\/www.lintelligentdabidjan.info\/news\/wp-json\/wp\/v2\/posts"}],"about":[{"href":"https:\/\/www.lintelligentdabidjan.info\/news\/wp-json\/wp\/v2\/types\/post"}],"author":[{"embeddable":true,"href":"https:\/\/www.lintelligentdabidjan.info\/news\/wp-json\/wp\/v2\/users\/4"}],"replies":[{"embeddable":true,"href":"https:\/\/www.lintelligentdabidjan.info\/news\/wp-json\/wp\/v2\/comments?post=43402"}],"version-history":[{"count":1,"href":"https:\/\/www.lintelligentdabidjan.info\/news\/wp-json\/wp\/v2\/posts\/43402\/revisions"}],"predecessor-version":[{"id":43403,"href":"https:\/\/www.lintelligentdabidjan.info\/news\/wp-json\/wp\/v2\/posts\/43402\/revisions\/43403"}],"wp:featuredmedia":[{"embeddable":true,"href":"https:\/\/www.lintelligentdabidjan.info\/news\/wp-json\/wp\/v2\/media\/43404"}],"wp:attachment":[{"href":"https:\/\/www.lintelligentdabidjan.info\/news\/wp-json\/wp\/v2\/media?parent=43402"}],"wp:term":[{"taxonomy":"category","embeddable":true,"href":"https:\/\/www.lintelligentdabidjan.info\/news\/wp-json\/wp\/v2\/categories?post=43402"},{"taxonomy":"post_tag","embeddable":true,"href":"https:\/\/www.lintelligentdabidjan.info\/news\/wp-json\/wp\/v2\/tags?post=43402"}],"curies":[{"name":"wp","href":"https:\/\/api.w.org\/{rel}","templated":true}]}}