{"id":43406,"date":"2026-04-17T23:55:34","date_gmt":"2026-04-17T21:55:34","guid":{"rendered":"https:\/\/www.lintelligentdabidjan.info\/news\/?p=43406"},"modified":"2026-04-17T23:56:14","modified_gmt":"2026-04-17T21:56:14","slug":"portefeuille-de-letat-mariatou-kone-appelle-a-consolider-les-acquis-et-a-accelerer-les-reformes","status":"publish","type":"post","link":"https:\/\/www.lintelligentdabidjan.info\/news\/portefeuille-de-letat-mariatou-kone-appelle-a-consolider-les-acquis-et-a-accelerer-les-reformes\/","title":{"rendered":"Portefeuille de l\u2019\u00c9tat:   Mariatou Kon\u00e9 appelle \u00e0 consolider les acquis et \u00e0 acc\u00e9l\u00e9rer les r\u00e9formes"},"content":{"rendered":"<p><strong>La ministre du Portefeuille de l\u2019\u00c9tat et des Entreprises publiques, Pr. Mariatou Kon\u00e9, a rencontr\u00e9, le jeudi 16 avril 2026 \u00e0 Abidjan-Plateau, les dirigeants des entreprises publiques, notamment les pr\u00e9sidents de conseils d\u2019administration, les pr\u00e9sidents de conseils de surveillance et les directeurs g\u00e9n\u00e9raux.<\/strong><\/p>\n<p>Plac\u00e9e sous le th\u00e8me \u00ab\u202f\u00c9tat des lieux et perspectives sur la gestion du portefeuille de l\u2019\u00c9tat\u202f\u00bb, cette rencontre s\u2019inscrit dans une dynamique d\u2019am\u00e9lioration de la gouvernance des entreprises publiques. La ministre a rappel\u00e9 que cette d\u00e9marche s\u2019inscrit dans la vision du pr\u00e9sident de la R\u00e9publique, Alassane Ouattara, qui accorde une attention particuli\u00e8re \u00e0 la performance des secteurs strat\u00e9giques de l\u2019\u00e9conomie nationale. Selon elle, les entreprises publiques constituent des leviers essentiels pour la mise en \u0153uvre des politiques publiques et la transformation \u00e9conomique.<\/p>\n<p><strong>Des performances financi\u00e8res jug\u00e9es encourageantes<\/strong><\/p>\n<p>La ministre s\u2019est f\u00e9licit\u00e9e des r\u00e9sultats enregistr\u00e9s ces derni\u00e8res ann\u00e9es.<\/p>\n<p>\u00ab\u202fLe chiffre d\u2019affaires global du portefeuille est pass\u00e9 de 2\u202f719 milliards de FCFA en 2021 \u00e0 4\u202f728 milliards de FCFA en 2025, soit une croissance moyenne annuelle d\u2019environ 15\u202f%. Dans le m\u00eame temps, les r\u00e9sultats nets sont pass\u00e9s de 78 milliards \u00e0 240 milliards de FCFA, correspondant \u00e0 un taux de croissance annuel moyen de 32\u202f%. Par ailleurs, les dividendes revers\u00e9s \u00e0 l\u2019\u00c9tat ont atteint 97 milliards de FCFA en 2024, contre 34 milliards auparavant, ce qui confirme le renforcement de la contribution du portefeuille aux ressources budg\u00e9taires de l\u2019\u00c9tat\u202f\u00bb, a\u2011t\u2011elle indiqu\u00e9. Ces performances, a-t-elle soulign\u00e9, traduisent les effets des r\u00e9formes engag\u00e9es par le gouvernement ainsi que les efforts des dirigeants sociaux.<\/p>\n<p><strong>Renforcer la gouvernance et le pilotage strat\u00e9gique<\/strong><\/p>\n<p>Malgr\u00e9 ces avanc\u00e9es, la ministre a relev\u00e9 l\u2019existence de marges d\u2019am\u00e9lioration et appel\u00e9 \u00e0 renforcer le pilotage strat\u00e9gique des entreprises publiques. Elle a invit\u00e9 les dirigeants \u00e0 mieux s\u2019approprier les lettres de mission, \u00e0 am\u00e9liorer la qualit\u00e9 des travaux des conseils d\u2019administration et \u00e0 inscrire leurs actions dans une logique de gestion performante, transparente et exemplaire.<\/p>\n<p>Pour sa part, Seydou Bamba, directeur g\u00e9n\u00e9ral du Portefeuille de l\u2019\u00c9tat, a soulign\u00e9 que cette rencontre constitue \u00ab\u202fun cadre de dialogue strat\u00e9gique permanent entre la tutelle et les dirigeants sociaux, en vue d\u2019une am\u00e9lioration continue et durable de la gouvernance et de la performance des entreprises publiques et des agences d\u2019ex\u00e9cution\u202f\u00bb.<\/p>\n<p>Au terme des \u00e9changes, une motion de soutien et d\u2019engagement des dirigeants des entreprises publiques et des agences d\u2019ex\u00e9cution a \u00e9t\u00e9 lue par Abel Djohor\u00e9, pr\u00e9sident du conseil d\u2019administration de SODEXAM, traduisant leur adh\u00e9sion aux orientations du gouvernement.<\/p>\n<p><strong>Olivier Dion avec A. Traor\u00e9<\/strong><\/p>\n","protected":false},"excerpt":{"rendered":"<p>La ministre du Portefeuille de l\u2019\u00c9tat et des Entreprises publiques, Pr. Mariatou Kon\u00e9, a rencontr\u00e9, le jeudi 16 avril 2026 \u00e0 Abidjan-Plateau, les dirigeants des entreprises publiques, notamment les pr\u00e9sidents de conseils d\u2019administration, les pr\u00e9sidents de conseils de surveillance et les directeurs g\u00e9n\u00e9raux. Plac\u00e9e sous le th\u00e8me \u00ab\u202f\u00c9tat des lieux et perspectives sur la gestion [&hellip;]<\/p>\n","protected":false},"author":4,"featured_media":43407,"comment_status":"closed","ping_status":"closed","sticky":false,"template":"","format":"standard","meta":{"_monsterinsights_skip_tracking":false,"_monsterinsights_sitenote_active":false,"_monsterinsights_sitenote_note":"","_monsterinsights_sitenote_category":0,"footnotes":""},"categories":[2,18,17],"tags":[7761,7762,376,7760],"class_list":["post-43406","post","type-post","status-publish","format-standard","has-post-thumbnail","hentry","category-featured","category-economie","category-politique","tag-les-acquis","tag-les-reformes","tag-mariatou-kone","tag-portefeuille-de-letat"],"_links":{"self":[{"href":"https:\/\/www.lintelligentdabidjan.info\/news\/wp-json\/wp\/v2\/posts\/43406","targetHints":{"allow":["GET"]}}],"collection":[{"href":"https:\/\/www.lintelligentdabidjan.info\/news\/wp-json\/wp\/v2\/posts"}],"about":[{"href":"https:\/\/www.lintelligentdabidjan.info\/news\/wp-json\/wp\/v2\/types\/post"}],"author":[{"embeddable":true,"href":"https:\/\/www.lintelligentdabidjan.info\/news\/wp-json\/wp\/v2\/users\/4"}],"replies":[{"embeddable":true,"href":"https:\/\/www.lintelligentdabidjan.info\/news\/wp-json\/wp\/v2\/comments?post=43406"}],"version-history":[{"count":1,"href":"https:\/\/www.lintelligentdabidjan.info\/news\/wp-json\/wp\/v2\/posts\/43406\/revisions"}],"predecessor-version":[{"id":43408,"href":"https:\/\/www.lintelligentdabidjan.info\/news\/wp-json\/wp\/v2\/posts\/43406\/revisions\/43408"}],"wp:featuredmedia":[{"embeddable":true,"href":"https:\/\/www.lintelligentdabidjan.info\/news\/wp-json\/wp\/v2\/media\/43407"}],"wp:attachment":[{"href":"https:\/\/www.lintelligentdabidjan.info\/news\/wp-json\/wp\/v2\/media?parent=43406"}],"wp:term":[{"taxonomy":"category","embeddable":true,"href":"https:\/\/www.lintelligentdabidjan.info\/news\/wp-json\/wp\/v2\/categories?post=43406"},{"taxonomy":"post_tag","embeddable":true,"href":"https:\/\/www.lintelligentdabidjan.info\/news\/wp-json\/wp\/v2\/tags?post=43406"}],"curies":[{"name":"wp","href":"https:\/\/api.w.org\/{rel}","templated":true}]}}