{"id":43414,"date":"2026-04-19T10:35:11","date_gmt":"2026-04-19T08:35:11","guid":{"rendered":"https:\/\/www.lintelligentdabidjan.info\/news\/?p=43414"},"modified":"2026-04-19T10:43:53","modified_gmt":"2026-04-19T08:43:53","slug":"protection-sociale-des-producteurs-de-cote-divoire-bientot-une-assurance-retraite","status":"publish","type":"post","link":"https:\/\/www.lintelligentdabidjan.info\/news\/protection-sociale-des-producteurs-de-cote-divoire-bientot-une-assurance-retraite\/","title":{"rendered":"Protection sociale des producteurs de C\u00f4te d\u2019Ivoire : bient\u00f4t une assurance-retraite"},"content":{"rendered":"<p data-start=\"184\" data-end=\"472\"><strong>En marge de la 34\u1d49 Conf\u00e9rence r\u00e9gionale de la FAO \u00e0 Nouakchott, la C\u00f4te d\u2019Ivoire et la FAO renforcent leur coop\u00e9ration. Au c\u0153ur des discussions : la mise en place prochaine d\u2019une assurance-retraite pour les producteurs, port\u00e9e par les ministres Bruno Kon\u00e9 et Adama Kamara.<\/strong><\/p>\n<p data-start=\"479\" data-end=\"760\">En marge des travaux de la 34\u1d49 Conf\u00e9rence r\u00e9gionale de la FAO \u00e0 Nouakchott, la d\u00e9l\u00e9gation ivoirienne conduite par le Ministre de l\u2019Agriculture, du D\u00e9veloppement rural et des Productions vivri\u00e8res, Bruno Kon\u00e9, a \u00e9t\u00e9 re\u00e7ue en audience par le Directeur g\u00e9n\u00e9ral de la FAO, Qu Dongyu.<\/p>\n<p data-start=\"762\" data-end=\"941\">Au c\u0153ur des \u00e9changes : le renforcement de <a href=\"https:\/\/www.lintelligentdabidjan.info\/news\/transformation-des-systemes-agroalimentaires-la-cote-divoire-decline-cinq-priorites-a-nouakchott\/\" target=\"_blank\" rel=\"noopener\">la coop\u00e9ration avec la C\u00f4te d\u2019Ivoire<\/a>, notamment en mati\u00e8re de transformation agricole durable et de protection sociale des producteurs.<\/p>\n<p data-start=\"943\" data-end=\"1117\">Le chef de la d\u00e9l\u00e9gation ivoirienne a soulign\u00e9 le caract\u00e8re multisectoriel de la mission, marqu\u00e9e notamment par la pr\u00e9sence du minist\u00e8re en charge de la Protection sociale.<\/p>\n<p data-start=\"1119\" data-end=\"1338\">\u00ab Ce choix n\u2019est pas anodin. Il s\u2019inscrit dans le cadre d\u2019un vaste chantier engag\u00e9 par le Gouvernement visant \u00e0 renforcer la s\u00e9curit\u00e9 des agriculteurs, en particulier sur le plan sanitaire et social \u00bb, a-t-il pr\u00e9cis\u00e9.<\/p>\n<p data-start=\"1340\" data-end=\"1576\">\u00c0 ce titre, il a rappel\u00e9 que les producteurs ivoiriens b\u00e9n\u00e9ficient d\u00e9j\u00e0 de la couverture maladie universelle, tout en indiquant que des travaux sont en cours pour leur permettre, \u00e0 terme, d\u2019acc\u00e9der \u00e0 un m\u00e9canisme d\u2019assurance retraite.<\/p>\n<p data-start=\"1578\" data-end=\"1806\">Le Ministre Bruno Nabagn\u00e9 Kon\u00e9 a, par ailleurs, mis en lumi\u00e8re la solidit\u00e9 du portefeuille de projets conduits avec la FAO en C\u00f4te d\u2019Ivoire, en insistant sur la rigueur et la bonne gouvernance qui encadrent leur mise en \u0153uvre.<\/p>\n<p data-start=\"1808\" data-end=\"2043\">\u00ab Notre ambition est de faire en sorte que chaque projet ait un impact concret sur les conditions de vie des populations, notamment rurales \u00bb, a-t-il affirm\u00e9, avant de souligner que les efforts engag\u00e9s seront poursuivis et amplifi\u00e9s.<\/p>\n<p data-start=\"2045\" data-end=\"2286\">Dans cette dynamique, il a annonc\u00e9 le lancement imminent du Programme national d\u2019investissement agricole de troisi\u00e8me g\u00e9n\u00e9ration (PNIA 3), pour lequel l\u2019appui de la FAO est vivement attendu, dans la continuit\u00e9 de sa contribution au PNIA 2.<\/p>\n<p data-start=\"2288\" data-end=\"2539\">Il a \u00e9galement \u00e9voqu\u00e9 plusieurs initiatives structurantes en cours, notamment le recensement exhaustif des acteurs du secteur agricole, coupl\u00e9 au g\u00e9or\u00e9f\u00e9rencement des parcelles, pour lesquelles un accompagnement technique de la FAO sera d\u00e9terminant.<\/p>\n<p data-start=\"2541\" data-end=\"2674\">Prenant la parole \u00e0 son tour, le Ministre Adama Kamara a d\u00e9taill\u00e9 les contours du Programme d\u2019investissement de protection sociale.<\/p>\n<p data-start=\"2676\" data-end=\"2851\">\u00ab Ce programme vise \u00e0 doter les producteurs ivoiriens d\u2019une assurance retraite, afin de leur garantir un revenu de remplacement \u00e0 la fin de leur activit\u00e9 \u00bb, a-t-il expliqu\u00e9.<\/p>\n<p data-start=\"2853\" data-end=\"3109\">Il a, \u00e0 cet effet, plaid\u00e9 pour l\u2019organisation d\u2019une table ronde des partenaires techniques et financiers, en vue de mobiliser les ressources n\u00e9cessaires \u00e0 la mise en \u0153uvre de cette r\u00e9forme structurante, destin\u00e9e \u00e9galement aux acteurs du secteur informel.<\/p>\n<p data-start=\"3111\" data-end=\"3327\">En r\u00e9ponse, le Directeur g\u00e9n\u00e9ral de la FAO, Qu Dongyu, a salu\u00e9 les initiatives port\u00e9es par la C\u00f4te d\u2019Ivoire et exprim\u00e9 sa disponibilit\u00e9 \u00e0 renforcer l\u2019appui de l\u2019institution, en particulier dans le domaine agricole.<\/p>\n<p data-start=\"3329\" data-end=\"3519\">Il a \u00e9galement marqu\u00e9 un int\u00e9r\u00eat soutenu pour le projet de protection sociale des producteurs, qu\u2019il consid\u00e8re comme une r\u00e9ponse pertinente aux enjeux de vuln\u00e9rabilit\u00e9 dans le monde rural.<\/p>\n","protected":false},"excerpt":{"rendered":"<p>En marge de la 34\u1d49 Conf\u00e9rence r\u00e9gionale de la FAO \u00e0 Nouakchott, la C\u00f4te d\u2019Ivoire et la FAO renforcent leur coop\u00e9ration. Au c\u0153ur des discussions : la mise en place prochaine d\u2019une assurance-retraite pour les producteurs, port\u00e9e par les ministres Bruno Kon\u00e9 et Adama Kamara. En marge des travaux de la 34\u1d49 Conf\u00e9rence r\u00e9gionale de [&hellip;]<\/p>\n","protected":false},"author":4,"featured_media":43415,"comment_status":"closed","ping_status":"closed","sticky":false,"template":"","format":"standard","meta":{"_monsterinsights_skip_tracking":false,"_monsterinsights_sitenote_active":false,"_monsterinsights_sitenote_note":"","_monsterinsights_sitenote_category":0,"footnotes":""},"categories":[2,18,17],"tags":[7766,7765,3461],"class_list":["post-43414","post","type-post","status-publish","format-standard","has-post-thumbnail","hentry","category-featured","category-economie","category-politique","tag-assurance-retraite","tag-producteurs-de-cote-divoire","tag-protection-sociale"],"_links":{"self":[{"href":"https:\/\/www.lintelligentdabidjan.info\/news\/wp-json\/wp\/v2\/posts\/43414","targetHints":{"allow":["GET"]}}],"collection":[{"href":"https:\/\/www.lintelligentdabidjan.info\/news\/wp-json\/wp\/v2\/posts"}],"about":[{"href":"https:\/\/www.lintelligentdabidjan.info\/news\/wp-json\/wp\/v2\/types\/post"}],"author":[{"embeddable":true,"href":"https:\/\/www.lintelligentdabidjan.info\/news\/wp-json\/wp\/v2\/users\/4"}],"replies":[{"embeddable":true,"href":"https:\/\/www.lintelligentdabidjan.info\/news\/wp-json\/wp\/v2\/comments?post=43414"}],"version-history":[{"count":2,"href":"https:\/\/www.lintelligentdabidjan.info\/news\/wp-json\/wp\/v2\/posts\/43414\/revisions"}],"predecessor-version":[{"id":43417,"href":"https:\/\/www.lintelligentdabidjan.info\/news\/wp-json\/wp\/v2\/posts\/43414\/revisions\/43417"}],"wp:featuredmedia":[{"embeddable":true,"href":"https:\/\/www.lintelligentdabidjan.info\/news\/wp-json\/wp\/v2\/media\/43415"}],"wp:attachment":[{"href":"https:\/\/www.lintelligentdabidjan.info\/news\/wp-json\/wp\/v2\/media?parent=43414"}],"wp:term":[{"taxonomy":"category","embeddable":true,"href":"https:\/\/www.lintelligentdabidjan.info\/news\/wp-json\/wp\/v2\/categories?post=43414"},{"taxonomy":"post_tag","embeddable":true,"href":"https:\/\/www.lintelligentdabidjan.info\/news\/wp-json\/wp\/v2\/tags?post=43414"}],"curies":[{"name":"wp","href":"https:\/\/api.w.org\/{rel}","templated":true}]}}