{"id":43421,"date":"2026-04-20T07:46:40","date_gmt":"2026-04-20T05:46:40","guid":{"rendered":"https:\/\/www.lintelligentdabidjan.info\/news\/?p=43421"},"modified":"2026-04-20T07:46:55","modified_gmt":"2026-04-20T05:46:55","slug":"masa-2026-nguessan-koffi-apporte-son-soutien-a-francoise-remarck","status":"publish","type":"post","link":"https:\/\/www.lintelligentdabidjan.info\/news\/masa-2026-nguessan-koffi-apporte-son-soutien-a-francoise-remarck\/","title":{"rendered":"MASA 2026 :N\u2019Guessan Koffi apporte son soutien \u00e0 Fran\u00e7oise Remarck"},"content":{"rendered":"<p><strong>La 14\u1d49 \u00e9dition du March\u00e9 des Arts du Spectacle Africain d\u2019Abidjan a b\u00e9n\u00e9fici\u00e9 d\u2019un appui institutionnel de premier plan lors de sa cl\u00f4ture. Parrain de la derni\u00e8re journ\u00e9e, N\u2019Guessan Koffi, ministre de l\u2019\u00c9ducation nationale et de l\u2019Alphab\u00e9tisation, a pris part \u00e0 la c\u00e9r\u00e9monie organis\u00e9e le 18 avril 2026 \u00e0 la salle Anoumabo du Palais de la Culture de Treichville.<\/strong><\/p>\n<p>Par sa pr\u00e9sence, le ministre a tenu \u00e0 saluer l\u2019engagement de sa coll\u00e8gue Fran\u00e7oise Remarck et de son \u00e9quipe pour la r\u00e9ussite de cet \u00e9v\u00e9nement majeur de la sc\u00e8ne culturelle africaine.<\/p>\n<p>S\u2019exprimant \u00e0 cette occasion, il a d\u00e9clar\u00e9 : \u00ab\u202fJe suis venu f\u00e9liciter Madame Fran\u00e7oise Remarck pour le succ\u00e8s de cette \u00e9dition. En tant que ministre de l\u2019\u00c9ducation nationale, c\u2019est un honneur pour moi d\u2019en \u00eatre le parrain. Le lien entre culture et \u00e9ducation est fondamental. J\u2019en ai moi-m\u00eame fait l\u2019exp\u00e9rience lorsque je dirigeais l\u2019INPHB de Yamoussoukro.\u202f\u00bb<\/p>\n<p>Profitant de cette tribune, N\u2019Guessan Koffi a annonc\u00e9 une mesure structurante en faveur du syst\u00e8me \u00e9ducatif : \u00ab\u202fD\u00e8s l\u2019ann\u00e9e prochaine, le th\u00e9\u00e2tre scolaire sera r\u00e9introduit dans les \u00e9tablissements.\u202f\u00bb Cette initiative vise \u00e0 renforcer l\u2019apprentissage par les arts et \u00e0 favoriser l\u2019\u00e9panouissement des \u00e9l\u00e8ves.<\/p>\n<p>Le lancement officiel est pr\u00e9vu le 13 mai 2026, en collaboration avec Diallo Tikoua\u00ef Vincent.<\/p>\n<p>\u00c0 travers cette annonce, les autorit\u00e9s entendent consolider les passerelles entre \u00e9ducation et culture, dans le prolongement de la dynamique impuls\u00e9e par le MASA, qui s\u2019affirme comme un levier de valorisation des talents et de promotion des industries culturelles africaines.<\/p>\n<p><strong>Mamadou Ouattara avec G\u00e9rard Batoua<\/strong><\/p>\n<p>&nbsp;<\/p>\n<p>&nbsp;<\/p>\n<p>&nbsp;<\/p>\n","protected":false},"excerpt":{"rendered":"<p>La 14\u1d49 \u00e9dition du March\u00e9 des Arts du Spectacle Africain d\u2019Abidjan a b\u00e9n\u00e9fici\u00e9 d\u2019un appui institutionnel de premier plan lors de sa cl\u00f4ture. Parrain de la derni\u00e8re journ\u00e9e, N\u2019Guessan Koffi, ministre de l\u2019\u00c9ducation nationale et de l\u2019Alphab\u00e9tisation, a pris part \u00e0 la c\u00e9r\u00e9monie organis\u00e9e le 18 avril 2026 \u00e0 la salle Anoumabo du Palais de [&hellip;]<\/p>\n","protected":false},"author":4,"featured_media":43422,"comment_status":"closed","ping_status":"closed","sticky":false,"template":"","format":"standard","meta":{"_monsterinsights_skip_tracking":false,"_monsterinsights_sitenote_active":false,"_monsterinsights_sitenote_note":"","_monsterinsights_sitenote_category":0,"footnotes":""},"categories":[2,20],"tags":[1579,7767,1703],"class_list":["post-43421","post","type-post","status-publish","format-standard","has-post-thumbnail","hentry","category-featured","category-art-et-culture","tag-francoise-remarck","tag-masa-2026","tag-nguessan-koffi"],"_links":{"self":[{"href":"https:\/\/www.lintelligentdabidjan.info\/news\/wp-json\/wp\/v2\/posts\/43421","targetHints":{"allow":["GET"]}}],"collection":[{"href":"https:\/\/www.lintelligentdabidjan.info\/news\/wp-json\/wp\/v2\/posts"}],"about":[{"href":"https:\/\/www.lintelligentdabidjan.info\/news\/wp-json\/wp\/v2\/types\/post"}],"author":[{"embeddable":true,"href":"https:\/\/www.lintelligentdabidjan.info\/news\/wp-json\/wp\/v2\/users\/4"}],"replies":[{"embeddable":true,"href":"https:\/\/www.lintelligentdabidjan.info\/news\/wp-json\/wp\/v2\/comments?post=43421"}],"version-history":[{"count":1,"href":"https:\/\/www.lintelligentdabidjan.info\/news\/wp-json\/wp\/v2\/posts\/43421\/revisions"}],"predecessor-version":[{"id":43423,"href":"https:\/\/www.lintelligentdabidjan.info\/news\/wp-json\/wp\/v2\/posts\/43421\/revisions\/43423"}],"wp:featuredmedia":[{"embeddable":true,"href":"https:\/\/www.lintelligentdabidjan.info\/news\/wp-json\/wp\/v2\/media\/43422"}],"wp:attachment":[{"href":"https:\/\/www.lintelligentdabidjan.info\/news\/wp-json\/wp\/v2\/media?parent=43421"}],"wp:term":[{"taxonomy":"category","embeddable":true,"href":"https:\/\/www.lintelligentdabidjan.info\/news\/wp-json\/wp\/v2\/categories?post=43421"},{"taxonomy":"post_tag","embeddable":true,"href":"https:\/\/www.lintelligentdabidjan.info\/news\/wp-json\/wp\/v2\/tags?post=43421"}],"curies":[{"name":"wp","href":"https:\/\/api.w.org\/{rel}","templated":true}]}}