{"id":43441,"date":"2026-04-21T07:46:01","date_gmt":"2026-04-21T05:46:01","guid":{"rendered":"https:\/\/www.lintelligentdabidjan.info\/news\/?p=43441"},"modified":"2026-04-21T07:46:01","modified_gmt":"2026-04-21T05:46:01","slug":"festival-kalamon-yepafori-2026serge-beynaud-et-dj-leo-attendus-dans-le-bounkani","status":"publish","type":"post","link":"https:\/\/www.lintelligentdabidjan.info\/news\/festival-kalamon-yepafori-2026serge-beynaud-et-dj-leo-attendus-dans-le-bounkani\/","title":{"rendered":"Festival Kalamon Y\u00e9pafori 2026:Serge Beynaud et DJ L\u00e9o attendus dans le Bounkani"},"content":{"rendered":"<p><strong>La 5e \u00e9dition du festival Kalamon Y\u00e9pafori !\u00a0 se tiendra du 30 avril au 2 mai 2026 \u00e0 Kalamon et Doropo, avec une programmation artistique port\u00e9e par des figures du coup\u00e9-d\u00e9cal\u00e9.<\/strong><\/p>\n<p>La cinqui\u00e8me \u00e9dition du festival Kalamon Y\u00e9pafori a \u00e9t\u00e9 officiellement lanc\u00e9e le mercredi 15 avril 2026 au Centre sportif et culturel ivoiro-cor\u00e9en Alassane Ouattara d\u2019Adjam\u00e9, \u00e0 Abidjan, par son commissaire g\u00e9n\u00e9ral, Hien Sansan Ludovic.<\/p>\n<p>Plac\u00e9e sous le th\u00e8me \u00ab Le patrimoine culturel, l\u2019agriculture durable, piliers de la souverainet\u00e9 alimentaire et du d\u00e9veloppement rural dans le Bounkani \u00bb, cette \u00e9dition ambitionne de renforcer le r\u00f4le de la culture comme levier de d\u00e9veloppement local.<\/p>\n<p><strong>Culture et d\u00e9veloppement au c\u0153ur de l\u2019\u00e9dition 2026<\/strong><\/p>\n<p>Prenant la parole, Hien Sansan Ludovic, \u00e9galement directeur des Transports et de la mobilit\u00e9 urbaine du District autonome d\u2019Abidjan, a soulign\u00e9 l\u2019orientation strat\u00e9gique du festival. \u00ab Nous ne nous contentons plus de c\u00e9l\u00e9brer notre identit\u00e9. Nous voulons faire de notre culture le moteur de notre autonomie \u00e9conomique \u00bb, a-t-il d\u00e9clar\u00e9.<\/p>\n<p>L\u2019\u00e9dition 2026 s\u2019articulera autour de trois axes majeurs : les assises \u00e9conomiques et agricoles, ax\u00e9es sur l\u2019innovation et la valorisation des produits locaux ; les p\u00f4les culturels et scientifiques, avec des concours de danses et des \u00e9changes entre tradition et modernit\u00e9 ; et les activit\u00e9s sportives, destin\u00e9es \u00e0 renforcer la coh\u00e9sion sociale, notamment chez les jeunes.<\/p>\n<p><strong>Un bilan encourageant pour l\u2019\u00e9dition pr\u00e9c\u00e9dente<\/strong><\/p>\n<p>Le commissaire g\u00e9n\u00e9ral est revenu sur la 4e \u00e9dition, consacr\u00e9e au brassage culturel et \u00e0 la protection de l\u2019environnement, qu\u2019il a pr\u00e9sent\u00e9e comme un succ\u00e8s marqu\u00e9 par une forte mobilisation populaire. Selon lui, plusieurs actions sociales ont \u00e9t\u00e9 men\u00e9es, notamment dans les domaines de la sant\u00e9, de l\u2019acc\u00e8s \u00e0 l\u2019eau, des d\u00e9pistages et de la pr\u00e9servation de l\u2019environnement.<\/p>\n<p>Il a par ailleurs rendu hommage au ministre, gouverneur du District autonome d\u2019Abidjan, Ciss\u00e9 Ibrahima Bacongo, saluant son soutien \u00e0 l\u2019initiative.<\/p>\n<p><strong>Une programmation artistique de premier plan<\/strong><\/p>\n<p>Le pr\u00e9sident du comit\u00e9 g\u00e9n\u00e9ral du festival, Charles Kond\u00e9, a insist\u00e9 sur la dimension sociale et culturelle de l\u2019\u00e9v\u00e9nement, pr\u00e9sent\u00e9 comme un cadre de retrouvailles et de valorisation du patrimoine du Bounkani.<\/p>\n<p>Sur le plan artistique, la 5e \u00e9dition r\u00e9unira plusieurs figures du Coup\u00e9-D\u00e9cal\u00e9, dont Serge Beynaud et DJ L\u00e9o, ainsi que d\u2019autres artistes invit\u00e9s.<\/p>\n<p><strong>Mobilisation locale et valorisation des traditions<\/strong><\/p>\n<p>Pr\u00e9sent \u00e0 la c\u00e9r\u00e9monie de lancement, le pr\u00e9sident des jeunes de Kalamon, Ouattara Yaya, a exprim\u00e9 son soutien au festival.<\/p>\n<p>La c\u00e9r\u00e9monie a \u00e9t\u00e9 marqu\u00e9e par des prestations de danses traditionnelles des communaut\u00e9s Lobi et Koulango, illustrant la richesse culturelle de la r\u00e9gion.<\/p>\n<p>L\u2019\u00e9dition 2026 pr\u00e9voit un programme \u00e9largi, avec des activit\u00e9s destin\u00e9es \u00e0 toutes les couches sociales, notamment les enfants, les jeunes et les femmes, autour de la culture, de l\u2019agriculture et du d\u00e9veloppement local.<\/p>\n<p><strong>Mamadou Ouattara<\/strong><\/p>\n<p>&nbsp;<\/p>\n<p>&nbsp;<\/p>\n<p>&nbsp;<\/p>\n","protected":false},"excerpt":{"rendered":"<p>La 5e \u00e9dition du festival Kalamon Y\u00e9pafori !\u00a0 se tiendra du 30 avril au 2 mai 2026 \u00e0 Kalamon et Doropo, avec une programmation artistique port\u00e9e par des figures du coup\u00e9-d\u00e9cal\u00e9. La cinqui\u00e8me \u00e9dition du festival Kalamon Y\u00e9pafori a \u00e9t\u00e9 officiellement lanc\u00e9e le mercredi 15 avril 2026 au Centre sportif et culturel ivoiro-cor\u00e9en Alassane Ouattara [&hellip;]<\/p>\n","protected":false},"author":4,"featured_media":43442,"comment_status":"closed","ping_status":"closed","sticky":false,"template":"","format":"standard","meta":{"_monsterinsights_skip_tracking":false,"_monsterinsights_sitenote_active":false,"_monsterinsights_sitenote_note":"","_monsterinsights_sitenote_category":0,"footnotes":""},"categories":[2,20],"tags":[3496,7785,7783,7784],"class_list":["post-43441","post","type-post","status-publish","format-standard","has-post-thumbnail","hentry","category-featured","category-art-et-culture","tag-bounkani","tag-dj-leo","tag-festival-kalamon-yepafori-2026","tag-serge-beynaud"],"_links":{"self":[{"href":"https:\/\/www.lintelligentdabidjan.info\/news\/wp-json\/wp\/v2\/posts\/43441","targetHints":{"allow":["GET"]}}],"collection":[{"href":"https:\/\/www.lintelligentdabidjan.info\/news\/wp-json\/wp\/v2\/posts"}],"about":[{"href":"https:\/\/www.lintelligentdabidjan.info\/news\/wp-json\/wp\/v2\/types\/post"}],"author":[{"embeddable":true,"href":"https:\/\/www.lintelligentdabidjan.info\/news\/wp-json\/wp\/v2\/users\/4"}],"replies":[{"embeddable":true,"href":"https:\/\/www.lintelligentdabidjan.info\/news\/wp-json\/wp\/v2\/comments?post=43441"}],"version-history":[{"count":1,"href":"https:\/\/www.lintelligentdabidjan.info\/news\/wp-json\/wp\/v2\/posts\/43441\/revisions"}],"predecessor-version":[{"id":43443,"href":"https:\/\/www.lintelligentdabidjan.info\/news\/wp-json\/wp\/v2\/posts\/43441\/revisions\/43443"}],"wp:featuredmedia":[{"embeddable":true,"href":"https:\/\/www.lintelligentdabidjan.info\/news\/wp-json\/wp\/v2\/media\/43442"}],"wp:attachment":[{"href":"https:\/\/www.lintelligentdabidjan.info\/news\/wp-json\/wp\/v2\/media?parent=43441"}],"wp:term":[{"taxonomy":"category","embeddable":true,"href":"https:\/\/www.lintelligentdabidjan.info\/news\/wp-json\/wp\/v2\/categories?post=43441"},{"taxonomy":"post_tag","embeddable":true,"href":"https:\/\/www.lintelligentdabidjan.info\/news\/wp-json\/wp\/v2\/tags?post=43441"}],"curies":[{"name":"wp","href":"https:\/\/api.w.org\/{rel}","templated":true}]}}