{"id":43453,"date":"2026-04-21T08:01:23","date_gmt":"2026-04-21T06:01:23","guid":{"rendered":"https:\/\/www.lintelligentdabidjan.info\/news\/?p=43453"},"modified":"2026-04-21T08:36:57","modified_gmt":"2026-04-21T06:36:57","slug":"bouake-le-fodese-2026-offre-plus-de-3-000-opportunites-a-la-jeunesse","status":"publish","type":"post","link":"https:\/\/www.lintelligentdabidjan.info\/news\/bouake-le-fodese-2026-offre-plus-de-3-000-opportunites-a-la-jeunesse\/","title":{"rendered":"Bouak\u00e9 : le FODESE 2026 offre plus de 3 000 opportunit\u00e9s \u00e0 la jeunesse"},"content":{"rendered":"<p><strong>Les 9 et 10 avril 2026, la ville de Bouak\u00e9 a accueilli l\u2019\u00e9tape locale de la 16\u1d49 \u00e9dition du Forum des Stages et de l\u2019Emploi (FODESE). Organis\u00e9 par le cabinet Empower Talents and Careers, en collaboration avec l\u2019Agence Emploi Jeunes, l\u2019\u00e9v\u00e9nement s\u2019est tenu en amphith\u00e9\u00e2tre m\u00e9decine du campus 1 de l&#8217;universit\u00e9 Alassane Ouattara autour du th\u00e8me : \u00ab Talents x Entreprises : les connexions qui changent tout \u00bb. Objectif : renforcer l\u2019employabilit\u00e9 des jeunes en cr\u00e9ant des passerelles concr\u00e8tes entre formation et entreprise.<\/strong><\/p>\n<p>Selon la commissaire g\u00e9n\u00e9rale, Fanta Traor\u00e9-Sacko, cette \u00e9dition ambitionne d\u2019avoir un impact significatif dans la r\u00e9gion du Gb\u00eak\u00ea. \u00ab Une vingtaine d\u2019entreprises ont r\u00e9serv\u00e9 des stands et plus de trente ont exprim\u00e9 des besoins en recrutement, repr\u00e9sentant plus de 3 000 opportunit\u00e9s en appui aux actions de l\u2019Agence Emploi Jeunes \u00bb, a\u2011t\u2011elle indiqu\u00e9.<\/p>\n<p>Durant le forum, les participants ont d\u00e9pos\u00e9 leurs CV, assist\u00e9 \u00e0 des panels et des masterclass, puis \u00e9chang\u00e9 directement avec des recruteurs. Une approche qui vise autant l\u2019acc\u00e8s aux stages et \u00e0 l\u2019emploi que le renforcement des comp\u00e9tences. \u00ab Un talent ne peut \u00e9clore sans connaissance \u00bb, a soulign\u00e9 Mme Sacko.<\/p>\n<p>L\u2019administrateur de l\u2019Agence Emploi Jeunes, Jean\u2011Louis Kouadio, haut patron de la c\u00e9r\u00e9monie, a salu\u00e9 une initiative en phase avec le Programme Jeunesse du gouvernement. Il a invit\u00e9 les jeunes \u00e0 faire preuve d\u2019ouverture pour saisir les opportunit\u00e9s offertes.<\/p>\n<p>Pr\u00e9sent \u00e0 l\u2019ouverture, le maire de Bouak\u00e9 et ministre des Transports, Amadou Kon\u00e9, a r\u00e9affirm\u00e9 le soutien de la municipalit\u00e9 aux actions en faveur de l\u2019insertion professionnelle.<\/p>\n<p>Au terme des deux journ\u00e9es, des centaines de jeunes, issus d\u2019\u00e9tablissements publics et priv\u00e9s, ont particip\u00e9 \u00e0 des sessions de formation en entrepreneuriat et visit\u00e9 les stands des entreprises partenaires.<\/p>\n<p><strong>Nambac\u00e9r\u00e9 Jo\u00ebl\u00a0<\/strong><\/p>\n<p>&nbsp;<\/p>\n<p>&nbsp;<\/p>\n<p>&nbsp;<\/p>\n","protected":false},"excerpt":{"rendered":"<p>Les 9 et 10 avril 2026, la ville de Bouak\u00e9 a accueilli l\u2019\u00e9tape locale de la 16\u1d49 \u00e9dition du Forum des Stages et de l\u2019Emploi (FODESE). Organis\u00e9 par le cabinet Empower Talents and Careers, en collaboration avec l\u2019Agence Emploi Jeunes, l\u2019\u00e9v\u00e9nement s\u2019est tenu en amphith\u00e9\u00e2tre m\u00e9decine du campus 1 de l&#8217;universit\u00e9 Alassane Ouattara autour du [&hellip;]<\/p>\n","protected":false},"author":4,"featured_media":43454,"comment_status":"closed","ping_status":"closed","sticky":false,"template":"","format":"standard","meta":{"_monsterinsights_skip_tracking":false,"_monsterinsights_sitenote_active":false,"_monsterinsights_sitenote_note":"","_monsterinsights_sitenote_category":0,"footnotes":""},"categories":[2,3],"tags":[125,5516,7794,2560],"class_list":["post-43453","post","type-post","status-publish","format-standard","has-post-thumbnail","hentry","category-featured","category-societe","tag-bouake","tag-la-jeunesse","tag-le-fodese-2026","tag-opportunites"],"_links":{"self":[{"href":"https:\/\/www.lintelligentdabidjan.info\/news\/wp-json\/wp\/v2\/posts\/43453","targetHints":{"allow":["GET"]}}],"collection":[{"href":"https:\/\/www.lintelligentdabidjan.info\/news\/wp-json\/wp\/v2\/posts"}],"about":[{"href":"https:\/\/www.lintelligentdabidjan.info\/news\/wp-json\/wp\/v2\/types\/post"}],"author":[{"embeddable":true,"href":"https:\/\/www.lintelligentdabidjan.info\/news\/wp-json\/wp\/v2\/users\/4"}],"replies":[{"embeddable":true,"href":"https:\/\/www.lintelligentdabidjan.info\/news\/wp-json\/wp\/v2\/comments?post=43453"}],"version-history":[{"count":1,"href":"https:\/\/www.lintelligentdabidjan.info\/news\/wp-json\/wp\/v2\/posts\/43453\/revisions"}],"predecessor-version":[{"id":43455,"href":"https:\/\/www.lintelligentdabidjan.info\/news\/wp-json\/wp\/v2\/posts\/43453\/revisions\/43455"}],"wp:featuredmedia":[{"embeddable":true,"href":"https:\/\/www.lintelligentdabidjan.info\/news\/wp-json\/wp\/v2\/media\/43454"}],"wp:attachment":[{"href":"https:\/\/www.lintelligentdabidjan.info\/news\/wp-json\/wp\/v2\/media?parent=43453"}],"wp:term":[{"taxonomy":"category","embeddable":true,"href":"https:\/\/www.lintelligentdabidjan.info\/news\/wp-json\/wp\/v2\/categories?post=43453"},{"taxonomy":"post_tag","embeddable":true,"href":"https:\/\/www.lintelligentdabidjan.info\/news\/wp-json\/wp\/v2\/tags?post=43453"}],"curies":[{"name":"wp","href":"https:\/\/api.w.org\/{rel}","templated":true}]}}