{"id":43470,"date":"2026-04-23T03:00:47","date_gmt":"2026-04-23T01:00:47","guid":{"rendered":"https:\/\/www.lintelligentdabidjan.info\/news\/?p=43470"},"modified":"2026-04-23T03:00:54","modified_gmt":"2026-04-23T01:00:54","slug":"bouake-toure-madoussou-yasmine-mobilise-autour-du-festilad-7","status":"publish","type":"post","link":"https:\/\/www.lintelligentdabidjan.info\/news\/bouake-toure-madoussou-yasmine-mobilise-autour-du-festilad-7\/","title":{"rendered":"Bouak\u00e9 : Tour\u00e9 Madoussou Yasmine mobilise autour du Festilad 7\u00a0"},"content":{"rendered":"<p><strong>La commissaire g\u00e9n\u00e9rale adjointe du Festival du livre et des arts du Dengu\u00e9l\u00e9 (Festilad), Tour\u00e9 Madoussou Yasmine, a annonc\u00e9, le 20 avril 2026 \u00e0 Bouak\u00e9, la tenue de la 7\u1d49 \u00e9dition du festival, pr\u00e9vue du 30 avril au 2 mai \u00e0 Kaniasso, dans la r\u00e9gion du Dengu\u00e9l\u00e9.<\/strong><\/p>\n<p>L\u2019annonce a \u00e9t\u00e9 faite \u00e0 l\u2019agence Les Classiques Ivoiriens, en pr\u00e9sence de son responsable, Bruno Bokola. Organis\u00e9 par l\u2019ONG Les Citoyens du Livre et des Arts du Dengu\u00e9l\u00e9, le festival se tiendra autour du th\u00e8me : \u00ab Livre, art et culture : vecteurs de protection et d\u2019autonomisation de la jeune fille \u00bb.<\/p>\n<p>Selon Tour\u00e9 Madoussou Yasmine, cette \u00e9dition vise \u00e0 renforcer la sensibilisation sur des pratiques encore observ\u00e9es dans certaines localit\u00e9s, notamment l\u2019excision, les mariages forc\u00e9s et la d\u00e9scolarisation des jeunes filles. Le choix de Kaniasso, unique site de l\u2019\u00e9v\u00e9nement cette ann\u00e9e, r\u00e9pond \u00e0 la volont\u00e9 de concentrer les actions de proximit\u00e9.<\/p>\n<p>\u00ab Il nous para\u00eet essentiel d\u2019utiliser le livre et les arts pour porter un message de protection et de promotion des droits de la jeune fille \u00bb, a-t-elle expliqu\u00e9.<\/p>\n<p>Durant trois jours, ateliers de lecture et d\u2019\u00e9criture, contes, animations culturelles, activit\u00e9s touristiques et sessions d\u2019encadrement rythmeront le festival. Les organisateurs annoncent \u00e9galement l\u2019inauguration de deux biblioth\u00e8ques avec l\u2019appui de l\u2019agence Les Classiques Ivoiriens.<\/p>\n<p>Un appel aux dons de livres a \u00e9t\u00e9 lanc\u00e9 afin de renforcer les espaces de lecture destin\u00e9s aux jeunes. La commissaire g\u00e9n\u00e9rale adjointe a enfin invit\u00e9 les cadres, acteurs culturels et populations du Dengu\u00e9l\u00e9 \u00e0 se mobiliser pour la r\u00e9ussite de cette initiative d\u00e9di\u00e9e \u00e0 la promotion du livre et \u00e0 l\u2019\u00e9mancipation des jeunes filles.<\/p>\n<p><strong>Nambac\u00e9r\u00e9 Jo\u00ebl\u00a0<\/strong><\/p>\n<p>&nbsp;<\/p>\n<p>&nbsp;<\/p>\n","protected":false},"excerpt":{"rendered":"<p>La commissaire g\u00e9n\u00e9rale adjointe du Festival du livre et des arts du Dengu\u00e9l\u00e9 (Festilad), Tour\u00e9 Madoussou Yasmine, a annonc\u00e9, le 20 avril 2026 \u00e0 Bouak\u00e9, la tenue de la 7\u1d49 \u00e9dition du festival, pr\u00e9vue du 30 avril au 2 mai \u00e0 Kaniasso, dans la r\u00e9gion du Dengu\u00e9l\u00e9. L\u2019annonce a \u00e9t\u00e9 faite \u00e0 l\u2019agence Les Classiques [&hellip;]<\/p>\n","protected":false},"author":4,"featured_media":43471,"comment_status":"closed","ping_status":"closed","sticky":false,"template":"","format":"standard","meta":{"_monsterinsights_skip_tracking":false,"_monsterinsights_sitenote_active":false,"_monsterinsights_sitenote_note":"","_monsterinsights_sitenote_category":0,"footnotes":""},"categories":[2,20],"tags":[125,7798,4195,7797],"class_list":["post-43470","post","type-post","status-publish","format-standard","has-post-thumbnail","hentry","category-featured","category-art-et-culture","tag-bouake","tag-festilad-7","tag-mobilise","tag-toure-madoussou-yasmine"],"_links":{"self":[{"href":"https:\/\/www.lintelligentdabidjan.info\/news\/wp-json\/wp\/v2\/posts\/43470","targetHints":{"allow":["GET"]}}],"collection":[{"href":"https:\/\/www.lintelligentdabidjan.info\/news\/wp-json\/wp\/v2\/posts"}],"about":[{"href":"https:\/\/www.lintelligentdabidjan.info\/news\/wp-json\/wp\/v2\/types\/post"}],"author":[{"embeddable":true,"href":"https:\/\/www.lintelligentdabidjan.info\/news\/wp-json\/wp\/v2\/users\/4"}],"replies":[{"embeddable":true,"href":"https:\/\/www.lintelligentdabidjan.info\/news\/wp-json\/wp\/v2\/comments?post=43470"}],"version-history":[{"count":1,"href":"https:\/\/www.lintelligentdabidjan.info\/news\/wp-json\/wp\/v2\/posts\/43470\/revisions"}],"predecessor-version":[{"id":43472,"href":"https:\/\/www.lintelligentdabidjan.info\/news\/wp-json\/wp\/v2\/posts\/43470\/revisions\/43472"}],"wp:featuredmedia":[{"embeddable":true,"href":"https:\/\/www.lintelligentdabidjan.info\/news\/wp-json\/wp\/v2\/media\/43471"}],"wp:attachment":[{"href":"https:\/\/www.lintelligentdabidjan.info\/news\/wp-json\/wp\/v2\/media?parent=43470"}],"wp:term":[{"taxonomy":"category","embeddable":true,"href":"https:\/\/www.lintelligentdabidjan.info\/news\/wp-json\/wp\/v2\/categories?post=43470"},{"taxonomy":"post_tag","embeddable":true,"href":"https:\/\/www.lintelligentdabidjan.info\/news\/wp-json\/wp\/v2\/tags?post=43470"}],"curies":[{"name":"wp","href":"https:\/\/api.w.org\/{rel}","templated":true}]}}