{"id":43490,"date":"2026-04-24T07:49:17","date_gmt":"2026-04-24T05:49:17","guid":{"rendered":"https:\/\/www.lintelligentdabidjan.info\/news\/?p=43490"},"modified":"2026-04-24T07:49:17","modified_gmt":"2026-04-24T05:49:17","slug":"fif-yacine-idriss-diallo-celebre-la-fin-de-son-premier-mandat","status":"publish","type":"post","link":"https:\/\/www.lintelligentdabidjan.info\/news\/fif-yacine-idriss-diallo-celebre-la-fin-de-son-premier-mandat\/","title":{"rendered":"FIF: Yacine Idriss Diallo c\u00e9l\u00e8bre la fin de son premier mandat"},"content":{"rendered":"<p><strong>Le comit\u00e9 ex\u00e9cutif de la F\u00e9d\u00e9ration ivoirienne de football (FIF), pr\u00e9sid\u00e9 par Yacine Idriss Diallo, a c\u00e9l\u00e9br\u00e9, ce jeudi 23 avril 2026, au si\u00e8ge de la \u00ab Maison de verre \u00bb \u00e0 Treichville, la fin de son premier mandat, en pr\u00e9sence du ministre des Sports, Adj\u00e9 Silas Metch.<\/strong><\/p>\n<p>Cette c\u00e9l\u00e9bration s\u2019est d\u00e9roul\u00e9e dans la sobri\u00e9t\u00e9, \u00e0 l\u2019issue d\u2019une r\u00e9union du comit\u00e9 ex\u00e9cutif. Au terme de celle-ci, le pr\u00e9sident de la FIF a lu une d\u00e9claration au nom des membres. Celle-ci retrace le parcours accompli par l\u2019\u00e9quipe dirigeante tout en esquissant les perspectives d\u2019avenir, notamment \u00e0 l\u2019approche de la prochaine Assembl\u00e9e g\u00e9n\u00e9rale \u00e9lective.<\/p>\n<p>Dans cette d\u00e9claration, Yacine Idriss Diallo a insist\u00e9 sur la primaut\u00e9 de l\u2019int\u00e9r\u00eat collectif :<\/p>\n<p>\u00ab Aucune ambition individuelle ne saurait pr\u00e9valoir sur les int\u00e9r\u00eats sup\u00e9rieurs du football. Seule une action collective, disciplin\u00e9e et guid\u00e9e par une vision partag\u00e9e permet de consolider nos acquis et de s\u2019ouvrir \u00e0 de nouvelles perspectives \u00bb, a-t-il indiqu\u00e9.<\/p>\n<p>\u00c9voquant la Coupe du monde 2026, le patron du football ivoirien a \u00e9galement lanc\u00e9 un appel \u00e0 l\u2019union sacr\u00e9e autour de la s\u00e9lection nationale.<\/p>\n<p>\u00ab \u00c0 l\u2019approche de la Coupe du monde 2026, nous souhaitons lancer un appel \u00e0 l\u2019union sacr\u00e9e de tous les Ivoiriens autour des \u00c9l\u00e9phants. Dans un esprit de coh\u00e9sion nationale, nous invitons chaque citoyen \u00e0 se mobiliser derri\u00e8re nos pachydermes afin d\u2019accompagner la s\u00e9lection nationale vers de nouveaux exploits. Notre retour \u00e0 la Coupe du monde constitue une \u00e9tape importante dans la consolidation de nos acquis \u00bb, a-t-il soulign\u00e9.<\/p>\n<p><strong>Ange Kouadio<\/strong><\/p>\n<p>&nbsp;<\/p>\n<p>&nbsp;<\/p>\n<p>&nbsp;<\/p>\n","protected":false},"excerpt":{"rendered":"<p>Le comit\u00e9 ex\u00e9cutif de la F\u00e9d\u00e9ration ivoirienne de football (FIF), pr\u00e9sid\u00e9 par Yacine Idriss Diallo, a c\u00e9l\u00e9br\u00e9, ce jeudi 23 avril 2026, au si\u00e8ge de la \u00ab Maison de verre \u00bb \u00e0 Treichville, la fin de son premier mandat, en pr\u00e9sence du ministre des Sports, Adj\u00e9 Silas Metch. Cette c\u00e9l\u00e9bration s\u2019est d\u00e9roul\u00e9e dans la sobri\u00e9t\u00e9, [&hellip;]<\/p>\n","protected":false},"author":4,"featured_media":43492,"comment_status":"closed","ping_status":"closed","sticky":false,"template":"","format":"standard","meta":{"_monsterinsights_skip_tracking":false,"_monsterinsights_sitenote_active":false,"_monsterinsights_sitenote_note":"","_monsterinsights_sitenote_category":0,"footnotes":""},"categories":[2,23],"tags":[343,7808,6930,5042],"class_list":["post-43490","post","type-post","status-publish","format-standard","has-post-thumbnail","hentry","category-featured","category-sport","tag-fif","tag-la-fin","tag-premier-mandat","tag-yacine-idriss-diallo"],"_links":{"self":[{"href":"https:\/\/www.lintelligentdabidjan.info\/news\/wp-json\/wp\/v2\/posts\/43490","targetHints":{"allow":["GET"]}}],"collection":[{"href":"https:\/\/www.lintelligentdabidjan.info\/news\/wp-json\/wp\/v2\/posts"}],"about":[{"href":"https:\/\/www.lintelligentdabidjan.info\/news\/wp-json\/wp\/v2\/types\/post"}],"author":[{"embeddable":true,"href":"https:\/\/www.lintelligentdabidjan.info\/news\/wp-json\/wp\/v2\/users\/4"}],"replies":[{"embeddable":true,"href":"https:\/\/www.lintelligentdabidjan.info\/news\/wp-json\/wp\/v2\/comments?post=43490"}],"version-history":[{"count":1,"href":"https:\/\/www.lintelligentdabidjan.info\/news\/wp-json\/wp\/v2\/posts\/43490\/revisions"}],"predecessor-version":[{"id":43493,"href":"https:\/\/www.lintelligentdabidjan.info\/news\/wp-json\/wp\/v2\/posts\/43490\/revisions\/43493"}],"wp:featuredmedia":[{"embeddable":true,"href":"https:\/\/www.lintelligentdabidjan.info\/news\/wp-json\/wp\/v2\/media\/43492"}],"wp:attachment":[{"href":"https:\/\/www.lintelligentdabidjan.info\/news\/wp-json\/wp\/v2\/media?parent=43490"}],"wp:term":[{"taxonomy":"category","embeddable":true,"href":"https:\/\/www.lintelligentdabidjan.info\/news\/wp-json\/wp\/v2\/categories?post=43490"},{"taxonomy":"post_tag","embeddable":true,"href":"https:\/\/www.lintelligentdabidjan.info\/news\/wp-json\/wp\/v2\/tags?post=43490"}],"curies":[{"name":"wp","href":"https:\/\/api.w.org\/{rel}","templated":true}]}}