{"id":43494,"date":"2026-04-24T07:52:58","date_gmt":"2026-04-24T05:52:58","guid":{"rendered":"https:\/\/www.lintelligentdabidjan.info\/news\/?p=43494"},"modified":"2026-04-24T07:54:26","modified_gmt":"2026-04-24T05:54:26","slug":"sila-2026ange-felix-ndakpri-devoile-les-temps-forts-depuis-bouake","status":"publish","type":"post","link":"https:\/\/www.lintelligentdabidjan.info\/news\/sila-2026ange-felix-ndakpri-devoile-les-temps-forts-depuis-bouake\/","title":{"rendered":"SILA 2026:Ange F\u00e9lix N\u2019Dakpri d\u00e9voile les temps forts\u00a0 depuis Bouak\u00e9"},"content":{"rendered":"<p><strong>\u00c0 Bouak\u00e9, les passionn\u00e9s du livre ont pris une longueur d\u2019avance sur le SILA avec le \u00ab\u202fBefore SILA\u202f\u00bb, ou \u00ab\u202fBouak\u00e9 fait son SILA\u202f\u00bb, organis\u00e9 le 22 avril 2026 \u00e0 l\u2019h\u00f4tel de ville. Cette initiative pr\u00e9c\u00e8de le Salon international du livre d\u2019Abidjan (SILA), pr\u00e9vu du 28 avril au 2 mai \u00e0 Abidjan.<\/strong><\/p>\n<p>Port\u00e9 par Pulaarku en collaboration avec Savannah Radio, l\u2019\u00e9v\u00e9nement vise \u00e0 redonner tout son sens au concept de \u00ab\u202fville h\u00f4te\u202f\u00bb, en positionnant Bouak\u00e9 comme une \u00e9tape strat\u00e9gique de mobilisation autour du livre et de la lecture.<\/p>\n<p>Pr\u00e9sent \u00e0 la rencontre, le commissaire g\u00e9n\u00e9ral du SILA, Ange F\u00e9lix N\u2019Dakpri, a soulign\u00e9 la volont\u00e9 de rapprocher le salon des populations de l\u2019int\u00e9rieur du pays. \u00ab\u202fIl faut que le rayonnement du SILA parte de la deuxi\u00e8me plus grande ville de C\u00f4te d\u2019Ivoire afin que la promesse que nous avons faite de hisser le livre et la lecture au rang de cause nationale prenne tout son sens ici\u202f\u00bb, a\u2011t\u2011il d\u00e9clar\u00e9.<\/p>\n<p>Il a pr\u00e9sent\u00e9 les grandes articulations de l\u2019\u00e9dition 2026, marqu\u00e9e par un programme professionnel destin\u00e9 aux acteurs du livre, des concours culturels (slam, scrabble, dict\u00e9e) et la participation du Liban comme pays invit\u00e9 d\u2019honneur. Parmi les innovations, des espaces \u00e9ph\u00e9m\u00e8res de lecture seront install\u00e9s \u00e0 Abidjan et Bouak\u00e9.<\/p>\n<p>Cette initiative a \u00e9t\u00e9 salu\u00e9e par le d\u00e9put\u00e9 et premier adjoint au maire de Bouak\u00e9, Dr Paul Dakuyo, repr\u00e9sentant le maire de la commune, le ministre Amadou Kon\u00e9. Il s\u2019est r\u00e9joui de l\u2019engouement suscit\u00e9 aupr\u00e8s des \u00e9l\u00e8ves et a rappel\u00e9 l\u2019importance de la lecture dans l\u2019\u00e9veil des consciences et le d\u00e9veloppement des localit\u00e9s.<\/p>\n<p>Un panel sur le th\u00e8me \u00ab\u202fB\u00e2tir des consciences : l\u2019\u00e9crivain, architecte des soci\u00e9t\u00e9s\u202f\u00bb a r\u00e9uni des acteurs culturels, dont Dr Kouakou Marcellin, qui a rappel\u00e9 que \u00ab\u202fla lecture demeure la nourriture de l\u2019esprit\u202f\u00bb<\/p>\n<p>&nbsp;<\/p>\n<p><strong>Nambac\u00e9r\u00e9 Jo\u00ebl<\/strong><\/p>\n<p>&nbsp;<\/p>\n<p>&nbsp;<\/p>\n<p>&nbsp;<\/p>\n<p>&nbsp;<\/p>\n","protected":false},"excerpt":{"rendered":"<p>\u00c0 Bouak\u00e9, les passionn\u00e9s du livre ont pris une longueur d\u2019avance sur le SILA avec le \u00ab\u202fBefore SILA\u202f\u00bb, ou \u00ab\u202fBouak\u00e9 fait son SILA\u202f\u00bb, organis\u00e9 le 22 avril 2026 \u00e0 l\u2019h\u00f4tel de ville. Cette initiative pr\u00e9c\u00e8de le Salon international du livre d\u2019Abidjan (SILA), pr\u00e9vu du 28 avril au 2 mai \u00e0 Abidjan. Port\u00e9 par Pulaarku en [&hellip;]<\/p>\n","protected":false},"author":4,"featured_media":43497,"comment_status":"closed","ping_status":"closed","sticky":false,"template":"","format":"standard","meta":{"_monsterinsights_skip_tracking":false,"_monsterinsights_sitenote_active":false,"_monsterinsights_sitenote_note":"","_monsterinsights_sitenote_category":0,"footnotes":""},"categories":[2,20],"tags":[7809,125,7810,7261],"class_list":["post-43494","post","type-post","status-publish","format-standard","has-post-thumbnail","hentry","category-featured","category-art-et-culture","tag-ange-felix-ndakpri","tag-bouake","tag-les-temps-forts","tag-sila-2026"],"_links":{"self":[{"href":"https:\/\/www.lintelligentdabidjan.info\/news\/wp-json\/wp\/v2\/posts\/43494","targetHints":{"allow":["GET"]}}],"collection":[{"href":"https:\/\/www.lintelligentdabidjan.info\/news\/wp-json\/wp\/v2\/posts"}],"about":[{"href":"https:\/\/www.lintelligentdabidjan.info\/news\/wp-json\/wp\/v2\/types\/post"}],"author":[{"embeddable":true,"href":"https:\/\/www.lintelligentdabidjan.info\/news\/wp-json\/wp\/v2\/users\/4"}],"replies":[{"embeddable":true,"href":"https:\/\/www.lintelligentdabidjan.info\/news\/wp-json\/wp\/v2\/comments?post=43494"}],"version-history":[{"count":1,"href":"https:\/\/www.lintelligentdabidjan.info\/news\/wp-json\/wp\/v2\/posts\/43494\/revisions"}],"predecessor-version":[{"id":43496,"href":"https:\/\/www.lintelligentdabidjan.info\/news\/wp-json\/wp\/v2\/posts\/43494\/revisions\/43496"}],"wp:featuredmedia":[{"embeddable":true,"href":"https:\/\/www.lintelligentdabidjan.info\/news\/wp-json\/wp\/v2\/media\/43497"}],"wp:attachment":[{"href":"https:\/\/www.lintelligentdabidjan.info\/news\/wp-json\/wp\/v2\/media?parent=43494"}],"wp:term":[{"taxonomy":"category","embeddable":true,"href":"https:\/\/www.lintelligentdabidjan.info\/news\/wp-json\/wp\/v2\/categories?post=43494"},{"taxonomy":"post_tag","embeddable":true,"href":"https:\/\/www.lintelligentdabidjan.info\/news\/wp-json\/wp\/v2\/tags?post=43494"}],"curies":[{"name":"wp","href":"https:\/\/api.w.org\/{rel}","templated":true}]}}