{"id":43498,"date":"2026-04-24T07:57:30","date_gmt":"2026-04-24T05:57:30","guid":{"rendered":"https:\/\/www.lintelligentdabidjan.info\/news\/?p=43498"},"modified":"2026-04-24T07:57:30","modified_gmt":"2026-04-24T05:57:30","slug":"organisation-du-12e-congres-de-lunjcile-gouvernement-ivoirien-adoube-le-comite-ad-hoc","status":"publish","type":"post","link":"https:\/\/www.lintelligentdabidjan.info\/news\/organisation-du-12e-congres-de-lunjcile-gouvernement-ivoirien-adoube-le-comite-ad-hoc\/","title":{"rendered":"Organisation du 12e congr\u00e8s de l\u2019UNJCI:Le gouvernement ivoirien adoube le comit\u00e9 ad hoc\u00a0\u00a0"},"content":{"rendered":"<p><strong>Le ministre de la Communication,\u00a0 porte-parole du gouvernement ,\u00a0 Amadou Coulibaly , a annonc\u00e9 avoir re\u00e7u, mardi\u00a0 21 avril 2026 , le comit\u00e9 ad hoc charg\u00e9 de l\u2019organisation du 12\u1d49 congr\u00e8s de l\u2019Union Nationale des Journalistes de C\u00f4te d\u2019Ivoire (UNJCI) , dans un message publi\u00e9 sur sa page Facebook.<\/strong><\/p>\n<p>Conduite par le doyen Honorat De Yedagne, la d\u00e9l\u00e9gation est venue se pr\u00e9senter \u00e0 l\u2019autorit\u00e9 de tutelle et solliciter ses orientations, dans un contexte marqu\u00e9 par une crise li\u00e9e \u00e0 l\u2019organisation du congr\u00e8s de l\u2019organisation fa\u00eeti\u00e8re des journalistes ivoiriens.<\/p>\n<p>Selon le ministre, la mise en place de ce comit\u00e9 ad hoc fait suite \u00e0 une d\u00e9cision de justice ayant ordonn\u00e9 la cr\u00e9ation d\u2019un organe consensuel charg\u00e9 de conduire le processus \u00e9lectif. La structure comprend notamment des repr\u00e9sentants des anciens pr\u00e9sidents de l\u2019UNJCI, de l\u2019Autorit\u00e9 Nationale de la Presse, de la Haute Autorit\u00e9 de la Communication Audiovisuelle, de l\u2019intersyndicale des journalistes ainsi que du Groupement des \u00c9diteurs de Presse de C\u00f4te d\u2019Ivoire.<\/p>\n<p>\u00ab Ce comit\u00e9 est venu se pr\u00e9senter \u00e0 moi et solliciter mes conseils avant d&#8217;ex\u00e9cuter sa mission unique : organiser le congr\u00e8s de l&#8217;UNJCI. En ma qualit\u00e9 de tutelle, et dans le strict respect des d\u00e9cisions de justice, j&#8217;ai adoub\u00e9 le Comit\u00e9 ad hoc d&#8217;organisation du 12\u1d49 congr\u00e8s de l&#8217;UNJCI. J&#8217;ai recommand\u00e9 aux membres du comit\u00e9 d&#8217;agir avec c\u00e9l\u00e9rit\u00e9 pour en finir avec cette situation qui a trop dur\u00e9 et d&#8217;opter pour la recherche du consensus dans toutes les d\u00e9cisions qu&#8217;ils auront \u00e0 prendre \u00bb, a-t-il soulign\u00e9.<\/p>\n<p>Le ministre a \u00e9galement exprim\u00e9 ses v\u0153ux de succ\u00e8s au comit\u00e9, dont la mission unique est l\u2019organisation du congr\u00e8s de l\u2019UNJCI, \u00e9tape importante\u00a0 pour le retour \u00e0 la normale au sein de la fa\u00eeti\u00e8re des journalistes ivoiriens.<\/p>\n<p>&nbsp;<\/p>\n<p><strong>Tour\u00e9 Abdoulaye<\/strong><\/p>\n<p>&nbsp;<\/p>\n<p>&nbsp;<\/p>\n<p>&nbsp;<\/p>\n","protected":false},"excerpt":{"rendered":"<p>Le ministre de la Communication,\u00a0 porte-parole du gouvernement ,\u00a0 Amadou Coulibaly , a annonc\u00e9 avoir re\u00e7u, mardi\u00a0 21 avril 2026 , le comit\u00e9 ad hoc charg\u00e9 de l\u2019organisation du 12\u1d49 congr\u00e8s de l\u2019Union Nationale des Journalistes de C\u00f4te d\u2019Ivoire (UNJCI) , dans un message publi\u00e9 sur sa page Facebook. Conduite par le doyen Honorat De [&hellip;]<\/p>\n","protected":false},"author":4,"featured_media":43495,"comment_status":"closed","ping_status":"closed","sticky":false,"template":"","format":"standard","meta":{"_monsterinsights_skip_tracking":false,"_monsterinsights_sitenote_active":false,"_monsterinsights_sitenote_note":"","_monsterinsights_sitenote_category":0,"footnotes":""},"categories":[2,20,3],"tags":[7812,2128,7811],"class_list":["post-43498","post","type-post","status-publish","format-standard","has-post-thumbnail","hentry","category-featured","category-art-et-culture","category-societe","tag-comite-ad-hoc","tag-le-gouvernement-ivoirien","tag-organisation-du-12e-congres-de-lunjci"],"_links":{"self":[{"href":"https:\/\/www.lintelligentdabidjan.info\/news\/wp-json\/wp\/v2\/posts\/43498","targetHints":{"allow":["GET"]}}],"collection":[{"href":"https:\/\/www.lintelligentdabidjan.info\/news\/wp-json\/wp\/v2\/posts"}],"about":[{"href":"https:\/\/www.lintelligentdabidjan.info\/news\/wp-json\/wp\/v2\/types\/post"}],"author":[{"embeddable":true,"href":"https:\/\/www.lintelligentdabidjan.info\/news\/wp-json\/wp\/v2\/users\/4"}],"replies":[{"embeddable":true,"href":"https:\/\/www.lintelligentdabidjan.info\/news\/wp-json\/wp\/v2\/comments?post=43498"}],"version-history":[{"count":1,"href":"https:\/\/www.lintelligentdabidjan.info\/news\/wp-json\/wp\/v2\/posts\/43498\/revisions"}],"predecessor-version":[{"id":43499,"href":"https:\/\/www.lintelligentdabidjan.info\/news\/wp-json\/wp\/v2\/posts\/43498\/revisions\/43499"}],"wp:featuredmedia":[{"embeddable":true,"href":"https:\/\/www.lintelligentdabidjan.info\/news\/wp-json\/wp\/v2\/media\/43495"}],"wp:attachment":[{"href":"https:\/\/www.lintelligentdabidjan.info\/news\/wp-json\/wp\/v2\/media?parent=43498"}],"wp:term":[{"taxonomy":"category","embeddable":true,"href":"https:\/\/www.lintelligentdabidjan.info\/news\/wp-json\/wp\/v2\/categories?post=43498"},{"taxonomy":"post_tag","embeddable":true,"href":"https:\/\/www.lintelligentdabidjan.info\/news\/wp-json\/wp\/v2\/tags?post=43498"}],"curies":[{"name":"wp","href":"https:\/\/api.w.org\/{rel}","templated":true}]}}