{"id":43534,"date":"2026-04-25T02:33:22","date_gmt":"2026-04-25T00:33:22","guid":{"rendered":"https:\/\/www.lintelligentdabidjan.info\/news\/?p=43534"},"modified":"2026-04-25T02:57:50","modified_gmt":"2026-04-25T00:57:50","slug":"bouakele-groupe-ick-eclaire-les-futurs-bacheliers-sur-leur-orientation-post-bac","status":"publish","type":"post","link":"https:\/\/www.lintelligentdabidjan.info\/news\/bouakele-groupe-ick-eclaire-les-futurs-bacheliers-sur-leur-orientation-post-bac\/","title":{"rendered":"Bouak\u00e9:Le Groupe ICK \u00e9claire les futurs bacheliers sur leur orientation post\u2011bac"},"content":{"rendered":"<p><strong>\u00c0 l\u2019approche du baccalaur\u00e9at 2026, le Groupe ICK a lanc\u00e9 la Caravane de l\u2019orientation du Bachelier autour du th\u00e8me : \u00ab Orientation post\u2011bac : universit\u00e9s publiques, universit\u00e9s priv\u00e9es et grandes \u00e9coles : quelles diff\u00e9rences pour quel avenir ? \u00bb. Apr\u00e8s une premi\u00e8re \u00e9tape au lyc\u00e9e moderne de Nimbo, la caravane s\u2019est arr\u00eat\u00e9e, jeudi 23 avril 2026 , au Lyc\u00e9e moderne TSF de Bouak\u00e9, \u00e0 Bouak\u00e9.<\/strong><\/p>\n<p>L\u2019initiative a r\u00e9uni \u00e9l\u00e8ves de Terminale, enseignants et professionnels de l\u2019\u00e9ducation pour \u00e9clairer les choix d\u2019orientation apr\u00e8s le bac. La conf\u00e9rence \u00e9tait anim\u00e9e par le Pr Henri Bah, recteur de l\u2019Universit\u00e9 Internationale ICK (U2ICK).<\/p>\n<p>Il a rappel\u00e9 les crit\u00e8res cl\u00e9s d\u2019une orientation r\u00e9ussie : \u00ab Pour faire un bon choix, il faut d\u2019abord tenir compte de ses propres capacit\u00e9s. Le choix d\u2019une fili\u00e8re d\u00e9pend des moyennes pond\u00e9r\u00e9es exig\u00e9es\u2026 Le second \u00e9l\u00e9ment, c\u2019est le choix de l\u2019institution d\u2019enseignement sup\u00e9rieur, ainsi que celui de la ville qui va les accueillir \u00bb.<\/p>\n<p>Au\u2011del\u00e0 de la promotion institutionnelle, l\u2019objectif est d\u2019outiller les \u00e9l\u00e8ves : \u00ab Il ne s\u2019agit pas uniquement de faire notre publicit\u00e9, mais de leur fournir les informations capitales pour une bonne orientation dans le sup\u00e9rieur \u00bb.<\/p>\n<p>Le proviseur, Soro Siriki, a salu\u00e9 une action compl\u00e9mentaire aux journ\u00e9es carri\u00e8res du lyc\u00e9e. Une centaine d\u2019\u00e9l\u00e8ves ont pris part \u00e0 la rencontre. \u00ab Il n\u2019y a pas de mauvaise fili\u00e8re. Tout d\u00e9pend de la d\u00e9termination \u00bb, a t\u00e9moign\u00e9 Yao Kouassi Rodrigue, \u00e9l\u00e8ve en Terminale D.<\/p>\n<p>La caravane s\u2019ach\u00e8vera le 2 mai par une immersion \u00e0 l\u2019U2ICK, avec plus de 100 \u00e9l\u00e8ves attendus.<\/p>\n<p><strong>Nambac\u00e9r\u00e9 Jo\u00ebl<\/strong><\/p>\n","protected":false},"excerpt":{"rendered":"<p>\u00c0 l\u2019approche du baccalaur\u00e9at 2026, le Groupe ICK a lanc\u00e9 la Caravane de l\u2019orientation du Bachelier autour du th\u00e8me : \u00ab Orientation post\u2011bac : universit\u00e9s publiques, universit\u00e9s priv\u00e9es et grandes \u00e9coles : quelles diff\u00e9rences pour quel avenir ? \u00bb. Apr\u00e8s une premi\u00e8re \u00e9tape au lyc\u00e9e moderne de Nimbo, la caravane s\u2019est arr\u00eat\u00e9e, jeudi 23 avril [&hellip;]<\/p>\n","protected":false},"author":4,"featured_media":43535,"comment_status":"closed","ping_status":"closed","sticky":false,"template":"","format":"standard","meta":{"_monsterinsights_skip_tracking":false,"_monsterinsights_sitenote_active":false,"_monsterinsights_sitenote_note":"","_monsterinsights_sitenote_category":0,"footnotes":""},"categories":[2],"tags":[125,4947,7835,7836],"class_list":["post-43534","post","type-post","status-publish","format-standard","has-post-thumbnail","hentry","category-featured","tag-bouake","tag-futurs-bacheliers","tag-le-groupe-ick","tag-orientation-post-bac"],"_links":{"self":[{"href":"https:\/\/www.lintelligentdabidjan.info\/news\/wp-json\/wp\/v2\/posts\/43534","targetHints":{"allow":["GET"]}}],"collection":[{"href":"https:\/\/www.lintelligentdabidjan.info\/news\/wp-json\/wp\/v2\/posts"}],"about":[{"href":"https:\/\/www.lintelligentdabidjan.info\/news\/wp-json\/wp\/v2\/types\/post"}],"author":[{"embeddable":true,"href":"https:\/\/www.lintelligentdabidjan.info\/news\/wp-json\/wp\/v2\/users\/4"}],"replies":[{"embeddable":true,"href":"https:\/\/www.lintelligentdabidjan.info\/news\/wp-json\/wp\/v2\/comments?post=43534"}],"version-history":[{"count":1,"href":"https:\/\/www.lintelligentdabidjan.info\/news\/wp-json\/wp\/v2\/posts\/43534\/revisions"}],"predecessor-version":[{"id":43536,"href":"https:\/\/www.lintelligentdabidjan.info\/news\/wp-json\/wp\/v2\/posts\/43534\/revisions\/43536"}],"wp:featuredmedia":[{"embeddable":true,"href":"https:\/\/www.lintelligentdabidjan.info\/news\/wp-json\/wp\/v2\/media\/43535"}],"wp:attachment":[{"href":"https:\/\/www.lintelligentdabidjan.info\/news\/wp-json\/wp\/v2\/media?parent=43534"}],"wp:term":[{"taxonomy":"category","embeddable":true,"href":"https:\/\/www.lintelligentdabidjan.info\/news\/wp-json\/wp\/v2\/categories?post=43534"},{"taxonomy":"post_tag","embeddable":true,"href":"https:\/\/www.lintelligentdabidjan.info\/news\/wp-json\/wp\/v2\/tags?post=43534"}],"curies":[{"name":"wp","href":"https:\/\/api.w.org\/{rel}","templated":true}]}}