{"id":43543,"date":"2026-04-27T02:47:09","date_gmt":"2026-04-27T00:47:09","guid":{"rendered":"https:\/\/www.lintelligentdabidjan.info\/news\/?p=43543"},"modified":"2026-04-27T02:47:32","modified_gmt":"2026-04-27T00:47:32","slug":"world-policy-conference-2026-la-cote-divoire-au-coeur-de-la-gouvernance-mondiale","status":"publish","type":"post","link":"https:\/\/www.lintelligentdabidjan.info\/news\/world-policy-conference-2026-la-cote-divoire-au-coeur-de-la-gouvernance-mondiale\/","title":{"rendered":"World Policy Conf\u00e9rence 2026 : La C\u00f4te d\u2019Ivoire au c\u0153ur de la gouvernance mondiale"},"content":{"rendered":"<p><strong>La C\u00f4te d&#8217;Ivoire s\u2019est illustr\u00e9e ce vendredi 24 avril 2026 \u00e0 l\u2019ouverture de la 18e \u00e9dition de la World Policy Conf\u00e9rence 2026, organis\u00e9e au Ch\u00e2teau de Chantilly en France. Invit\u00e9e d\u2019honneur \u00e0 travers son Pr\u00e9sident Alassane Ouattara, la nation ivoirienne a \u00e9t\u00e9 repr\u00e9sent\u00e9e par la Ministre d\u2019\u00c9tat, Ministre des Affaires \u00e9trang\u00e8res et de la Coop\u00e9ration internationale, Nial\u00e9 Kaba.<\/strong><\/p>\n<p>Cette invitation consacre le poids diplomatique croissant d\u2019Abidjan sur la sc\u00e8ne internationale. Cr\u00e9\u00e9e en 2008 par Thierry de Montbrial, la World Policy Conf\u00e9rence r\u00e9unit chaque ann\u00e9e chefs d\u2019\u00c9tat, ministres, experts et dirigeants autour des grands enjeux plan\u00e9taires.<\/p>\n<p>Repr\u00e9sentant le chef de l&#8217;Etat Alassane Ouattara, la Ministre d\u2019\u00c9tat a, dans son intervention,\u00a0 \u00e9voqu\u00e9 une triple fracture mondiale : g\u00e9opolitique, avec le retour des rivalit\u00e9s entre puissances ; technologique, qui accentue les in\u00e9galit\u00e9s ; et climatique et humanitaire, source d\u2019instabilit\u00e9 et de migrations forc\u00e9es. Elle a soulign\u00e9 que pour l\u2019Afrique, ces crises ont des effets directs sur les \u00e9conomies, la s\u00e9curit\u00e9 et le d\u00e9veloppement.<\/p>\n<p>Au nom de la C\u00f4te d&#8217;Ivoire et du continent africain, elle a plaid\u00e9 pour une gouvernance mondiale plus juste. Elle a appel\u00e9 \u00e0 une meilleure repr\u00e9sentation de l\u2019Afrique dans les institutions internationales, notamment au Conseil de s\u00e9curit\u00e9 de l\u2019ONU, \u00e0 une r\u00e9forme du syst\u00e8me financier mondial afin de faciliter l\u2019acc\u00e8s au financement du d\u00e9veloppement, ainsi qu\u2019\u00e0 une r\u00e9gulation \u00e9quitable du num\u00e9rique face aux cyber menac\u00e9s et \u00e0 la d\u00e9sinformation.<\/p>\n<p>Nial\u00e9 Kaba a \u00e9galement pr\u00e9sent\u00e9 la C\u00f4te d\u2019Ivoire comme un p\u00f4le de stabilit\u00e9 en Afrique de l\u2019Ouest, attach\u00e9 au dialogue, \u00e0 l\u2019ouverture \u00e9conomique et aux partenariats \u00e9quilibr\u00e9s.<\/p>\n<p>Par cette pr\u00e9sence remarqu\u00e9e \u00e0 Chantilly, la C\u00f4te d&#8217;Ivoire renforce son soft power et confirme son ambition de peser dans les grands d\u00e9bats internationaux. Plus qu\u2019un honneur protocolaire, cette invitation place le pays parmi les voix qui comptent d\u00e9sormais dans la r\u00e9flexion sur l\u2019avenir du monde.<\/p>\n<p><strong>Tour\u00e9 Abdoulaye<\/strong><\/p>\n<p>&nbsp;<\/p>\n<p>&nbsp;<\/p>\n","protected":false},"excerpt":{"rendered":"<p>La C\u00f4te d&#8217;Ivoire s\u2019est illustr\u00e9e ce vendredi 24 avril 2026 \u00e0 l\u2019ouverture de la 18e \u00e9dition de la World Policy Conf\u00e9rence 2026, organis\u00e9e au Ch\u00e2teau de Chantilly en France. Invit\u00e9e d\u2019honneur \u00e0 travers son Pr\u00e9sident Alassane Ouattara, la nation ivoirienne a \u00e9t\u00e9 repr\u00e9sent\u00e9e par la Ministre d\u2019\u00c9tat, Ministre des Affaires \u00e9trang\u00e8res et de la Coop\u00e9ration [&hellip;]<\/p>\n","protected":false},"author":4,"featured_media":43544,"comment_status":"closed","ping_status":"closed","sticky":false,"template":"","format":"standard","meta":{"_monsterinsights_skip_tracking":false,"_monsterinsights_sitenote_active":false,"_monsterinsights_sitenote_note":"","_monsterinsights_sitenote_category":0,"footnotes":""},"categories":[2,18,3],"tags":[7840,5380,7839],"class_list":["post-43543","post","type-post","status-publish","format-standard","has-post-thumbnail","hentry","category-featured","category-economie","category-societe","tag-gouvernance-mondiale","tag-la-cote-divoire","tag-world-policy-conference-2026"],"_links":{"self":[{"href":"https:\/\/www.lintelligentdabidjan.info\/news\/wp-json\/wp\/v2\/posts\/43543","targetHints":{"allow":["GET"]}}],"collection":[{"href":"https:\/\/www.lintelligentdabidjan.info\/news\/wp-json\/wp\/v2\/posts"}],"about":[{"href":"https:\/\/www.lintelligentdabidjan.info\/news\/wp-json\/wp\/v2\/types\/post"}],"author":[{"embeddable":true,"href":"https:\/\/www.lintelligentdabidjan.info\/news\/wp-json\/wp\/v2\/users\/4"}],"replies":[{"embeddable":true,"href":"https:\/\/www.lintelligentdabidjan.info\/news\/wp-json\/wp\/v2\/comments?post=43543"}],"version-history":[{"count":1,"href":"https:\/\/www.lintelligentdabidjan.info\/news\/wp-json\/wp\/v2\/posts\/43543\/revisions"}],"predecessor-version":[{"id":43545,"href":"https:\/\/www.lintelligentdabidjan.info\/news\/wp-json\/wp\/v2\/posts\/43543\/revisions\/43545"}],"wp:featuredmedia":[{"embeddable":true,"href":"https:\/\/www.lintelligentdabidjan.info\/news\/wp-json\/wp\/v2\/media\/43544"}],"wp:attachment":[{"href":"https:\/\/www.lintelligentdabidjan.info\/news\/wp-json\/wp\/v2\/media?parent=43543"}],"wp:term":[{"taxonomy":"category","embeddable":true,"href":"https:\/\/www.lintelligentdabidjan.info\/news\/wp-json\/wp\/v2\/categories?post=43543"},{"taxonomy":"post_tag","embeddable":true,"href":"https:\/\/www.lintelligentdabidjan.info\/news\/wp-json\/wp\/v2\/tags?post=43543"}],"curies":[{"name":"wp","href":"https:\/\/api.w.org\/{rel}","templated":true}]}}