{"id":43546,"date":"2026-04-27T02:52:04","date_gmt":"2026-04-27T00:52:04","guid":{"rendered":"https:\/\/www.lintelligentdabidjan.info\/news\/?p=43546"},"modified":"2026-04-27T02:52:10","modified_gmt":"2026-04-27T00:52:10","slug":"filiere-cafe-cacaoloia-dement-toute-crise-et-recadre-les-accusations","status":"publish","type":"post","link":"https:\/\/www.lintelligentdabidjan.info\/news\/filiere-cafe-cacaoloia-dement-toute-crise-et-recadre-les-accusations\/","title":{"rendered":"Fili\u00e8re caf\u00e9-cacao:L\u2019OIA d\u00e9ment toute crise et recadre les accusations"},"content":{"rendered":"<p><strong>L\u2019Organisation interprofessionnelle agricole (OIA) de la fili\u00e8re caf\u00e9-cacao a oppos\u00e9 un d\u00e9menti ferme aux \u00ab informations erron\u00e9es \u00bb diffus\u00e9es dans certains m\u00e9dias et sur les r\u00e9seaux sociaux, d\u00e9non\u00e7ant une \u00ab campagne de d\u00e9sinformation \u00bb autour de la gestion du secteur.<\/strong><\/p>\n<p>Dans un communiqu\u00e9 sign\u00e9 par son vice-pr\u00e9sident et porte-parole, Blond\u00e9 Obed Doua, l\u2019organisation affirme qu\u2019\u00ab il n\u2019existe aucun malentendu entre l\u2019OIA Caf\u00e9-Cacao et le Conseil du Caf\u00e9-Cacao \u00bb, pr\u00e9cisant que les deux structures \u00ab travaillent en parfaite synergie \u00bb pour garantir une gestion \u00ab rigoureuse, transparente et efficace \u00bb de la fili\u00e8re.<\/p>\n<p>L\u2019OIA a \u00e9galement tenu \u00e0 lever toute \u00e9quivoque sur sa gouvernance. \u00ab Monsieur Siaka Diakit\u00e9 demeure pleinement et l\u00e9gitimement le Pr\u00e9sident de l\u2019OIA Caf\u00e9-Cacao \u00bb, souligne le communiqu\u00e9, insistant sur la r\u00e9gularit\u00e9 de son mandat.<\/p>\n<p>Sur la question sensible des stocks, l\u2019organisation rejette toute id\u00e9e de crise. \u00ab Il n\u2019existe aucune crise dans la gestion des volumes de cacao \u00bb, assure Blond\u00e9 Obed Doua, ajoutant que les accusations de \u00ab dysfonctionnement \u00bb sont \u00ab infond\u00e9es \u00bb.<\/p>\n<p>Selon lui, les tensions observ\u00e9es s\u2019expliquent par la mise en place d\u2019un dispositif d\u2019assainissement reposant sur \u00ab des crit\u00e8res clairs \u00bb, notamment l\u2019inventaire pr\u00e9alable, la justification des volumes et un seuil minimum de 40 tonnes. Il rel\u00e8ve que \u00ab certaines critiques \u00e9manent d\u2019acteurs ayant volontairement dissimul\u00e9 leurs stocks \u00bb, \u00e9voquant des \u00e9carts significatifs entre d\u00e9clarations initiales et volumes r\u00e9els.<\/p>\n<p>L\u2019OIA appelle ainsi \u00e0 \u00ab faire preuve de discernement \u00bb face aux tentatives de manipulation et rassure : la fili\u00e8re est engag\u00e9e dans la phase finale d\u2019enl\u00e8vement des stocks r\u00e9siduels de cacao.<\/p>\n<p>&nbsp;<\/p>\n<p><strong>Olivier Dion<\/strong><\/p>\n<p>&nbsp;<\/p>\n<p>&nbsp;<\/p>\n<p>&nbsp;<\/p>\n","protected":false},"excerpt":{"rendered":"<p>L\u2019Organisation interprofessionnelle agricole (OIA) de la fili\u00e8re caf\u00e9-cacao a oppos\u00e9 un d\u00e9menti ferme aux \u00ab informations erron\u00e9es \u00bb diffus\u00e9es dans certains m\u00e9dias et sur les r\u00e9seaux sociaux, d\u00e9non\u00e7ant une \u00ab campagne de d\u00e9sinformation \u00bb autour de la gestion du secteur. Dans un communiqu\u00e9 sign\u00e9 par son vice-pr\u00e9sident et porte-parole, Blond\u00e9 Obed Doua, l\u2019organisation affirme qu\u2019\u00ab [&hellip;]<\/p>\n","protected":false},"author":4,"featured_media":43547,"comment_status":"closed","ping_status":"closed","sticky":false,"template":"","format":"standard","meta":{"_monsterinsights_skip_tracking":false,"_monsterinsights_sitenote_active":false,"_monsterinsights_sitenote_note":"","_monsterinsights_sitenote_category":0,"footnotes":""},"categories":[2,18],"tags":[2244,7841,5053,7442,7842],"class_list":["post-43546","post","type-post","status-publish","format-standard","has-post-thumbnail","hentry","category-featured","category-economie","tag-accusations","tag-crise","tag-filiere-cafe-cacao","tag-loia","tag-recadre"],"_links":{"self":[{"href":"https:\/\/www.lintelligentdabidjan.info\/news\/wp-json\/wp\/v2\/posts\/43546","targetHints":{"allow":["GET"]}}],"collection":[{"href":"https:\/\/www.lintelligentdabidjan.info\/news\/wp-json\/wp\/v2\/posts"}],"about":[{"href":"https:\/\/www.lintelligentdabidjan.info\/news\/wp-json\/wp\/v2\/types\/post"}],"author":[{"embeddable":true,"href":"https:\/\/www.lintelligentdabidjan.info\/news\/wp-json\/wp\/v2\/users\/4"}],"replies":[{"embeddable":true,"href":"https:\/\/www.lintelligentdabidjan.info\/news\/wp-json\/wp\/v2\/comments?post=43546"}],"version-history":[{"count":1,"href":"https:\/\/www.lintelligentdabidjan.info\/news\/wp-json\/wp\/v2\/posts\/43546\/revisions"}],"predecessor-version":[{"id":43548,"href":"https:\/\/www.lintelligentdabidjan.info\/news\/wp-json\/wp\/v2\/posts\/43546\/revisions\/43548"}],"wp:featuredmedia":[{"embeddable":true,"href":"https:\/\/www.lintelligentdabidjan.info\/news\/wp-json\/wp\/v2\/media\/43547"}],"wp:attachment":[{"href":"https:\/\/www.lintelligentdabidjan.info\/news\/wp-json\/wp\/v2\/media?parent=43546"}],"wp:term":[{"taxonomy":"category","embeddable":true,"href":"https:\/\/www.lintelligentdabidjan.info\/news\/wp-json\/wp\/v2\/categories?post=43546"},{"taxonomy":"post_tag","embeddable":true,"href":"https:\/\/www.lintelligentdabidjan.info\/news\/wp-json\/wp\/v2\/tags?post=43546"}],"curies":[{"name":"wp","href":"https:\/\/api.w.org\/{rel}","templated":true}]}}