{"id":43549,"date":"2026-04-27T02:55:47","date_gmt":"2026-04-27T00:55:47","guid":{"rendered":"https:\/\/www.lintelligentdabidjan.info\/news\/?p=43549"},"modified":"2026-04-27T02:55:54","modified_gmt":"2026-04-27T00:55:54","slug":"morondo-le-conseil-municipal-delocalise-a-sefredjo-pour-renforcer-la-proximite-avec-les-populations","status":"publish","type":"post","link":"https:\/\/www.lintelligentdabidjan.info\/news\/morondo-le-conseil-municipal-delocalise-a-sefredjo-pour-renforcer-la-proximite-avec-les-populations\/","title":{"rendered":"Morondo: Le Conseil municipal d\u00e9localis\u00e9 \u00e0 Sefredjo pour renforcer la proximit\u00e9 avec les populations"},"content":{"rendered":"<p><strong>La deuxi\u00e8me session du Conseil municipal de Morondo , au titre de l\u2019ann\u00e9e 2026, s\u2019est tenue le samedi 25 avril 2026 \u00e0 Sefredjo. Cette d\u00e9localisation vise \u00e0 rapprocher l\u2019administration municipale des populations et \u00e0 renforcer la gouvernance de proximit\u00e9.<\/strong><\/p>\n<p>Les travaux de cette deuxi\u00e8me session du Conseil municipal de Morondo ont port\u00e9 sur l\u2019examen et l\u2019adoption de l&#8217;\u00e9tat d&#8217;ex\u00e9cution du budget primitif 2026 en recettes et en d\u00e9penses au premier trimestre 2026 et l\u2019examen et adoption du budget modificatif n\u00ba 01 de l&#8217;exercice 2026. Ces diff\u00e9rents points ont \u00e9t\u00e9 approuv\u00e9s \u00e0 l\u2019unanimit\u00e9 des conseillers municipaux. \u00c0 cette occasion, le maire Moussa Traor\u00e9 Koudougou a soulign\u00e9 l\u2019\u00e9volution significative des finances de la commune. Selon lui, le budget municipal atteint d\u00e9sormais environ 950 millions de francs CFA, soit une multiplication par sept ou huit depuis 2018. Cette progression a permis la r\u00e9alisation de plusieurs projets d\u2019investissement, notamment la construction de logements pour le personnel infirmier, des cl\u00f4tures de la mairie et de la gendarmerie, ainsi que la construction et la r\u00e9habilitation de salles de classe. \u00ab En 2026, nous avons plusieurs investissements \u00e0 r\u00e9aliser. Nous allons renforcer les actions sociales, l\u2019entraide et l\u2019appui aux populations. Des initiatives sont \u00e9galement pr\u00e9vues en faveur de la jeunesse, notamment \u00e0 travers les financements de projets port\u00e9s par l\u2019Agence Emploi Jeunes, install\u00e9e au sein de la mairie. Par ailleurs, la municipalit\u00e9 continuera d\u2019accompagner les agriculteurs par la mise \u00e0 disposition d\u2019intrants agricoles, car notre communaut\u00e9 est majoritairement tourn\u00e9e vers l\u2019agriculture \u00bb, a-t-il d\u00e9clar\u00e9. Pr\u00e9sent \u00e0 cette session, le d\u00e9put\u00e9 de la circonscription de Morondo, Fadiadougou et Djibrosso, Aboubacar Sidiki Kon\u00e9 a salu\u00e9 la gestion municipale. \u00ab Le maire, de notre point de vue, fait un travail remarquable. Depuis quelques temps qu&#8217;il est \u00e0 la t\u00eate de cette commune, nous voyons l&#8217;impact de la gestion budg\u00e9taire sur la vie des populations.\u00a0 Et nous pensons objectivement, que le maire de Morondo est sur une tr\u00e8s bonne lanc\u00e9e. En tant que responsable du contr\u00f4le de l&#8217;action gouvernementale, sans tomber dans l&#8217;autosatisfaction, nous pouvons f\u00e9liciter cette \u00e9quipe et lui demander\u00a0 de continuer \u00e0 travailler, d&#8217;\u00eatre \u00e0 c\u00f4t\u00e9 des populations \u00bb, s&#8217;est-il exprim\u00e9.<\/p>\n<p>Le parlementaire a \u00e9galement appel\u00e9 les \u00e9lus \u00e0 privil\u00e9gier l\u2019unit\u00e9 et la coop\u00e9ration afin de consolider le d\u00e9veloppement local et la coh\u00e9sion sociale.<\/p>\n<p><strong>Olivier Dion avec A. Traor\u00e9<\/strong><\/p>\n<p>&nbsp;<\/p>\n<p>&nbsp;<\/p>\n<p>&nbsp;<\/p>\n","protected":false},"excerpt":{"rendered":"<p>La deuxi\u00e8me session du Conseil municipal de Morondo , au titre de l\u2019ann\u00e9e 2026, s\u2019est tenue le samedi 25 avril 2026 \u00e0 Sefredjo. Cette d\u00e9localisation vise \u00e0 rapprocher l\u2019administration municipale des populations et \u00e0 renforcer la gouvernance de proximit\u00e9. Les travaux de cette deuxi\u00e8me session du Conseil municipal de Morondo ont port\u00e9 sur l\u2019examen et [&hellip;]<\/p>\n","protected":false},"author":4,"featured_media":43550,"comment_status":"closed","ping_status":"closed","sticky":false,"template":"","format":"standard","meta":{"_monsterinsights_skip_tracking":false,"_monsterinsights_sitenote_active":false,"_monsterinsights_sitenote_note":"","_monsterinsights_sitenote_category":0,"footnotes":""},"categories":[2,17],"tags":[7843,6021,1786,3990,7844],"class_list":["post-43549","post","type-post","status-publish","format-standard","has-post-thumbnail","hentry","category-featured","category-politique","tag-le-conseil-municipal-delocalise","tag-les-populations","tag-morondo","tag-renforcer","tag-sefredjo"],"_links":{"self":[{"href":"https:\/\/www.lintelligentdabidjan.info\/news\/wp-json\/wp\/v2\/posts\/43549","targetHints":{"allow":["GET"]}}],"collection":[{"href":"https:\/\/www.lintelligentdabidjan.info\/news\/wp-json\/wp\/v2\/posts"}],"about":[{"href":"https:\/\/www.lintelligentdabidjan.info\/news\/wp-json\/wp\/v2\/types\/post"}],"author":[{"embeddable":true,"href":"https:\/\/www.lintelligentdabidjan.info\/news\/wp-json\/wp\/v2\/users\/4"}],"replies":[{"embeddable":true,"href":"https:\/\/www.lintelligentdabidjan.info\/news\/wp-json\/wp\/v2\/comments?post=43549"}],"version-history":[{"count":1,"href":"https:\/\/www.lintelligentdabidjan.info\/news\/wp-json\/wp\/v2\/posts\/43549\/revisions"}],"predecessor-version":[{"id":43551,"href":"https:\/\/www.lintelligentdabidjan.info\/news\/wp-json\/wp\/v2\/posts\/43549\/revisions\/43551"}],"wp:featuredmedia":[{"embeddable":true,"href":"https:\/\/www.lintelligentdabidjan.info\/news\/wp-json\/wp\/v2\/media\/43550"}],"wp:attachment":[{"href":"https:\/\/www.lintelligentdabidjan.info\/news\/wp-json\/wp\/v2\/media?parent=43549"}],"wp:term":[{"taxonomy":"category","embeddable":true,"href":"https:\/\/www.lintelligentdabidjan.info\/news\/wp-json\/wp\/v2\/categories?post=43549"},{"taxonomy":"post_tag","embeddable":true,"href":"https:\/\/www.lintelligentdabidjan.info\/news\/wp-json\/wp\/v2\/tags?post=43549"}],"curies":[{"name":"wp","href":"https:\/\/api.w.org\/{rel}","templated":true}]}}