{"id":43552,"date":"2026-04-27T02:58:58","date_gmt":"2026-04-27T00:58:58","guid":{"rendered":"https:\/\/www.lintelligentdabidjan.info\/news\/?p=43552"},"modified":"2026-04-27T02:58:58","modified_gmt":"2026-04-27T00:58:58","slug":"yamoussoukro-leandre-koffi-appelle-a-la-cohesion-et-a-laction-contre-la-pauvrete","status":"publish","type":"post","link":"https:\/\/www.lintelligentdabidjan.info\/news\/yamoussoukro-leandre-koffi-appelle-a-la-cohesion-et-a-laction-contre-la-pauvrete\/","title":{"rendered":"Yamoussoukro :L\u00e9andre Koffi appelle \u00e0 la coh\u00e9sion et \u00e0 l\u2019action contre la pauvret\u00e9"},"content":{"rendered":"<p><strong>Le d\u00e9put\u00e9 de la circonscription des sous-pr\u00e9fectures de Kossou et de Yamoussoukro, L\u00e9andre Koffi, a r\u00e9affirm\u00e9 sa vision de d\u00e9veloppement local,\u00a0 vendredi 24 avril 2026, \u00e0 Kroukroubo, son village, dans la sous-pr\u00e9fecture de Yamoussoukro, \u00e0 l\u2019occasion d\u2019une c\u00e9r\u00e9monie de remise d\u2019engins \u00e0 ses \u00e9quipes.<\/strong><\/p>\n<p>Devant les membres de son cabinet et de son staff de campagne et des villageois, l\u2019\u00e9lu a plac\u00e9 son intervention sous le signe de la lutte contre la pauvret\u00e9 et du renforcement de la coh\u00e9sion sociale. \u00ab Ce jour marque le d\u00e9but d\u2019un travail concret en faveur des populations. (\u2026) Aujourd\u2019hui, il s\u2019agit de faire en sorte que nos parents puissent sortir de la pauvret\u00e9,\u00a0 des difficult\u00e9s. Parce que\u00a0 nul n\u2019est n\u00e9 pour \u00eatre malheureux \u00e0 vie. Il faut aider les gens. Les jeunes, les femmes ont besoin de leader charismatique. Humblement je m\u2019en\u00a0 d\u00e9clare \u00bb, a-t-il d\u00e9clar\u00e9, exprimant sa reconnaissance aux habitants du d\u00e9partement.<\/p>\n<p>Se pr\u00e9sentant comme \u00ab d\u00e9put\u00e9 de la nation \u00bb au-del\u00e0 de sa circonscription, il a \u00e9galement appel\u00e9 \u00e0 d\u00e9passer les clivages politiques pour privil\u00e9gier l\u2019int\u00e9r\u00eat collectif. \u00ab Ce n\u2019est pas une affaire de parti, mais une affaire de populations \u00bb, a-t-il soulign\u00e9, rappelant son statut d\u2019ind\u00e9pendant.<\/p>\n<p>\u00c9voquant l\u2019image de Yamoussoukro, capitale politique du pays, L\u00e9andre Koffi a regrett\u00e9 les divisions internes qui, selon lui, ternissent son rayonnement. Il a appel\u00e9 \u00e0 l\u2019unit\u00e9 et \u00e0 la responsabilit\u00e9, notamment apr\u00e8s les violences enregistr\u00e9es lors des derni\u00e8res \u00e9lections pr\u00e9sidentielles. Dans ce contexte, il a lanc\u00e9 un appel symbolique \u00e0 demander pardon \u00e0 l\u2019\u00c9tat afin de favoriser l\u2019apaisement et la lib\u00e9ration des d\u00e9tenus li\u00e9s \u00e0 ces \u00e9v\u00e9nements.<\/p>\n<p>Se r\u00e9clamant de l\u2019h\u00e9ritage de F\u00e9lix Houphou\u00ebt-Boigny, il a exhort\u00e9 les populations \u00e0 renouer avec les valeurs de paix et de solidarit\u00e9. \u00ab On ne peut \u00e9voluer sans amour ni coh\u00e9sion. (\u2026) Parce que la vie qu\u2019on m\u00e8ne, il n\u2019y a pas son brouillon \u00bb, a-t-il insist\u00e9.<\/p>\n<p>La c\u00e9r\u00e9monie a \u00e9galement \u00e9t\u00e9 marqu\u00e9e par la remise de huit motos, d\u2019un tricycle et d\u2019un v\u00e9hicule, destin\u00e9s \u00e0 faciliter les missions de terrain. Pour L\u00e9andre Koffi, ces \u00e9quipements traduisent une volont\u00e9 claire : \u00ab agir concr\u00e8tement et durablement pour le d\u00e9veloppement local \u00bb.<\/p>\n<p><strong>Harry Diallo, depuis Yamoussoukro<\/strong><\/p>\n<p>&nbsp;<\/p>\n<p>&nbsp;<\/p>\n<p>&nbsp;<\/p>\n<p>&nbsp;<\/p>\n<p>&nbsp;<\/p>\n","protected":false},"excerpt":{"rendered":"<p>Le d\u00e9put\u00e9 de la circonscription des sous-pr\u00e9fectures de Kossou et de Yamoussoukro, L\u00e9andre Koffi, a r\u00e9affirm\u00e9 sa vision de d\u00e9veloppement local,\u00a0 vendredi 24 avril 2026, \u00e0 Kroukroubo, son village, dans la sous-pr\u00e9fecture de Yamoussoukro, \u00e0 l\u2019occasion d\u2019une c\u00e9r\u00e9monie de remise d\u2019engins \u00e0 ses \u00e9quipes. Devant les membres de son cabinet et de son staff de [&hellip;]<\/p>\n","protected":false},"author":4,"featured_media":43553,"comment_status":"closed","ping_status":"closed","sticky":false,"template":"","format":"standard","meta":{"_monsterinsights_skip_tracking":false,"_monsterinsights_sitenote_active":false,"_monsterinsights_sitenote_note":"","_monsterinsights_sitenote_category":0,"footnotes":""},"categories":[2,3],"tags":[7592,7846,7396,7845,51],"class_list":["post-43552","post","type-post","status-publish","format-standard","has-post-thumbnail","hentry","category-featured","category-societe","tag-laction","tag-la-cohesion","tag-la-pauvrete","tag-leandre-koffi","tag-yamoussoukro"],"_links":{"self":[{"href":"https:\/\/www.lintelligentdabidjan.info\/news\/wp-json\/wp\/v2\/posts\/43552","targetHints":{"allow":["GET"]}}],"collection":[{"href":"https:\/\/www.lintelligentdabidjan.info\/news\/wp-json\/wp\/v2\/posts"}],"about":[{"href":"https:\/\/www.lintelligentdabidjan.info\/news\/wp-json\/wp\/v2\/types\/post"}],"author":[{"embeddable":true,"href":"https:\/\/www.lintelligentdabidjan.info\/news\/wp-json\/wp\/v2\/users\/4"}],"replies":[{"embeddable":true,"href":"https:\/\/www.lintelligentdabidjan.info\/news\/wp-json\/wp\/v2\/comments?post=43552"}],"version-history":[{"count":1,"href":"https:\/\/www.lintelligentdabidjan.info\/news\/wp-json\/wp\/v2\/posts\/43552\/revisions"}],"predecessor-version":[{"id":43554,"href":"https:\/\/www.lintelligentdabidjan.info\/news\/wp-json\/wp\/v2\/posts\/43552\/revisions\/43554"}],"wp:featuredmedia":[{"embeddable":true,"href":"https:\/\/www.lintelligentdabidjan.info\/news\/wp-json\/wp\/v2\/media\/43553"}],"wp:attachment":[{"href":"https:\/\/www.lintelligentdabidjan.info\/news\/wp-json\/wp\/v2\/media?parent=43552"}],"wp:term":[{"taxonomy":"category","embeddable":true,"href":"https:\/\/www.lintelligentdabidjan.info\/news\/wp-json\/wp\/v2\/categories?post=43552"},{"taxonomy":"post_tag","embeddable":true,"href":"https:\/\/www.lintelligentdabidjan.info\/news\/wp-json\/wp\/v2\/tags?post=43552"}],"curies":[{"name":"wp","href":"https:\/\/api.w.org\/{rel}","templated":true}]}}