{"id":43562,"date":"2026-04-28T07:39:01","date_gmt":"2026-04-28T05:39:01","guid":{"rendered":"https:\/\/www.lintelligentdabidjan.info\/news\/?p=43562"},"modified":"2026-04-28T07:39:33","modified_gmt":"2026-04-28T05:39:33","slug":"acces-aux-soins-en-milieu-ruralla-premiere-pierre-du-logement-des-infirmiers-posee-a-sefredjo","status":"publish","type":"post","link":"https:\/\/www.lintelligentdabidjan.info\/news\/acces-aux-soins-en-milieu-ruralla-premiere-pierre-du-logement-des-infirmiers-posee-a-sefredjo\/","title":{"rendered":"Acc\u00e8s aux soins en milieu rural:La premi\u00e8re pierre du logement des infirmiers pos\u00e9e \u00e0 Sefredjo"},"content":{"rendered":"<p><strong>La construction d\u2019un logement destin\u00e9 aux infirmiers du village de Sefredjo, dans la commune de Morondo, d\u00e9partement de Kani, a \u00e9t\u00e9 officiellement lanc\u00e9e le samedi 25 avril 2026 avec la pose de la premi\u00e8re pierre.\u00a0<\/strong><\/p>\n<p>Ce projet intervient apr\u00e8s la r\u00e9alisation du centre de sant\u00e9 communautaire du village de Sefredjo. D\u2019un co\u00fbt estim\u00e9 \u00e0 28 millions de FCFA, l\u2019ouvrage vise \u00e0 offrir un cadre d\u2019h\u00e9bergement aux agents de sant\u00e9 afin d\u2019am\u00e9liorer la continuit\u00e9 des soins et la prise en charge des patients. Selon le maire de la commune de Morondo, Moussa Traor\u00e9 Koudougou, cette infrastructure permettra de renforcer l\u2019acc\u00e8s aux soins dans la localit\u00e9. \u00ab Ce b\u00e2timent va servir de logement pour les infirmiers. Ils veilleront quotidiennement \u00e0 la sant\u00e9 de nos populations et aideront nos mamans \u00e0 accoucher dans de bonnes conditions. Ils seront les premiers secours des populations en cas de maladie grave, en attendant une \u00e9vacuation vers les grands h\u00f4pitaux pour une prise en charge appropri\u00e9e \u00bb, a-t-il expliqu\u00e9. L&#8217;\u00e9lu a \u00e9galement indiqu\u00e9 que les premiers \u00e9quipements destin\u00e9s au centre de sant\u00e9 sont d\u00e9j\u00e0 disponibles. Les travaux de construction du logement devraient s\u2019achever dans un d\u00e9lai de trois mois. \u00ab Nous comptons sur vous pour que le d\u00e9lai soit respect\u00e9. Le Conseil municipal et les populations attendent beaucoup de ce projet \u00bb, a-t-il insist\u00e9, tout en invitant les habitants \u00e0 faciliter la t\u00e2che \u00e0 l\u2019entreprise. \u00c0 cet effet, le maire a appel\u00e9 l\u2019entreprise charg\u00e9e du chantier \u00e0 respecter le calendrier fix\u00e9 et a invit\u00e9 les populations \u00e0 accompagner la r\u00e9alisation du projet.<\/p>\n<p>Pr\u00e9sent \u00e0 la c\u00e9r\u00e9monie, le d\u00e9put\u00e9 de la circonscription de Morondo, Djibrosso et Fadiadougou, Aboubacar Sidiki Kon\u00e9, a salu\u00e9 cette initiative et encourag\u00e9 la municipalit\u00e9 \u00e0 poursuivre ses actions en faveur de l\u2019am\u00e9lioration des conditions de vie des populations rurales.<\/p>\n<p><strong>Olivier Dion avec A. Traor\u00e9<\/strong><\/p>\n<p>&nbsp;<\/p>\n<p>&nbsp;<\/p>\n","protected":false},"excerpt":{"rendered":"<p>La construction d\u2019un logement destin\u00e9 aux infirmiers du village de Sefredjo, dans la commune de Morondo, d\u00e9partement de Kani, a \u00e9t\u00e9 officiellement lanc\u00e9e le samedi 25 avril 2026 avec la pose de la premi\u00e8re pierre.\u00a0 Ce projet intervient apr\u00e8s la r\u00e9alisation du centre de sant\u00e9 communautaire du village de Sefredjo. D\u2019un co\u00fbt estim\u00e9 \u00e0 28 [&hellip;]<\/p>\n","protected":false},"author":4,"featured_media":43563,"comment_status":"closed","ping_status":"closed","sticky":false,"template":"","format":"standard","meta":{"_monsterinsights_skip_tracking":false,"_monsterinsights_sitenote_active":false,"_monsterinsights_sitenote_note":"","_monsterinsights_sitenote_category":0,"footnotes":""},"categories":[2,3],"tags":[3799,7852,7851,7844,4285],"class_list":["post-43562","post","type-post","status-publish","format-standard","has-post-thumbnail","hentry","category-featured","category-societe","tag-infirmiers","tag-la-premiere-pierre-du-logement","tag-rural","tag-sefredjo","tag-soins"],"_links":{"self":[{"href":"https:\/\/www.lintelligentdabidjan.info\/news\/wp-json\/wp\/v2\/posts\/43562","targetHints":{"allow":["GET"]}}],"collection":[{"href":"https:\/\/www.lintelligentdabidjan.info\/news\/wp-json\/wp\/v2\/posts"}],"about":[{"href":"https:\/\/www.lintelligentdabidjan.info\/news\/wp-json\/wp\/v2\/types\/post"}],"author":[{"embeddable":true,"href":"https:\/\/www.lintelligentdabidjan.info\/news\/wp-json\/wp\/v2\/users\/4"}],"replies":[{"embeddable":true,"href":"https:\/\/www.lintelligentdabidjan.info\/news\/wp-json\/wp\/v2\/comments?post=43562"}],"version-history":[{"count":1,"href":"https:\/\/www.lintelligentdabidjan.info\/news\/wp-json\/wp\/v2\/posts\/43562\/revisions"}],"predecessor-version":[{"id":43564,"href":"https:\/\/www.lintelligentdabidjan.info\/news\/wp-json\/wp\/v2\/posts\/43562\/revisions\/43564"}],"wp:featuredmedia":[{"embeddable":true,"href":"https:\/\/www.lintelligentdabidjan.info\/news\/wp-json\/wp\/v2\/media\/43563"}],"wp:attachment":[{"href":"https:\/\/www.lintelligentdabidjan.info\/news\/wp-json\/wp\/v2\/media?parent=43562"}],"wp:term":[{"taxonomy":"category","embeddable":true,"href":"https:\/\/www.lintelligentdabidjan.info\/news\/wp-json\/wp\/v2\/categories?post=43562"},{"taxonomy":"post_tag","embeddable":true,"href":"https:\/\/www.lintelligentdabidjan.info\/news\/wp-json\/wp\/v2\/tags?post=43562"}],"curies":[{"name":"wp","href":"https:\/\/api.w.org\/{rel}","templated":true}]}}