{"id":43565,"date":"2026-04-28T07:46:07","date_gmt":"2026-04-28T05:46:07","guid":{"rendered":"https:\/\/www.lintelligentdabidjan.info\/news\/?p=43565"},"modified":"2026-04-28T07:46:07","modified_gmt":"2026-04-28T05:46:07","slug":"fic3a-2026-grand-akoudzin-a-vibre-au-rythme-de-la-culture-akye-ke","status":"publish","type":"post","link":"https:\/\/www.lintelligentdabidjan.info\/news\/fic3a-2026-grand-akoudzin-a-vibre-au-rythme-de-la-culture-akye-ke\/","title":{"rendered":"FIC3A 2026:  Grand-Akoudzin a vibr\u00e9 au rythme de la culture Aky\u00e9-K\u00ea"},"content":{"rendered":"<p><strong>Les lampions se sont \u00e9teints sur la 5e \u00e9dition du Festival international de la culture et des arts Aky\u00e9-K\u00ea d\u2019Agou (FIC3A), apr\u00e8s deux jours de c\u00e9l\u00e9brations , les samedi 4 et dimanche 5 avril 2026, sur la place publique du village de Grand-Akoudzin. C\u2019est ce qui ressort de la note re\u00e7ue par notre r\u00e9daction.<\/strong><\/p>\n<p>Bien plus qu\u2019un simple \u00e9v\u00e9nement culturel, le FIC3A s\u2019est, une fois de plus, impos\u00e9 comme une v\u00e9ritable f\u00eate traditionnelle et un moment de retrouvailles familiales.\u00a0 \u00a0Les populations locales, celles de la r\u00e9gion du Tchoya (Agou) ainsi que de l\u2019ensemble du d\u00e9partement de La M\u00e9 (Adzop\u00e9), ont massivement r\u00e9pondu pr\u00e9sentes pour communier autour des valeurs culturelles.<\/p>\n<p>Plac\u00e9e sous le th\u00e8me \u00ab Autonomisation : comment aider \u00e0 l\u2019insertion des femmes du Tchoya dans le d\u00e9veloppement social de La M\u00e9 ? \u00bb, cette \u00e9dition a mis \u00e0 l\u2019honneur les femmes de la r\u00e9gion. \u00c0 cette occasion, plusieurs actions\u00a0 ont \u00e9t\u00e9 men\u00e9es, notamment la remise de gadgets, de pressoirs de manioc et d\u2019autres \u00e9quipements. Ces dons ont \u00e9t\u00e9 offerts par le commissaire g\u00e9n\u00e9ral du FIC3A, Guyzo Abok\u00e9, en partenariat avec la Mutuelle pour le d\u00e9veloppement de Grand-Akoudzin (MUDEGA), dirig\u00e9e par Adicko Cl\u00e9ment, pour le plus grand bonheur des b\u00e9n\u00e9ficiaires.<\/p>\n<p>Etait pr\u00e9vu au\u00a0 programme: tournoi de maracana, ballets artistiques, concours de danse, jeux, comp\u00e9titions culinaires, chants et danses traditionnels, sans oublier les prestations de tam-tam parleur.<\/p>\n<p>Les organisateurs ont saisi l\u2019occasion pour exprimer leur gratitude \u00e0 plusieurs personnalit\u00e9s et partenaires, notamment le pr\u00e9sident de l\u2019Assembl\u00e9e nationale, Patrick Achi, la marraine Mme Danielle Lid\u00e9gou\u00e9, Pca de l\u2019Ong Bloom, le vice-pr\u00e9sident du S\u00e9nat, le v\u00e9n\u00e9rable Raymond N\u2019Dohi, ainsi que les autorit\u00e9s locales d\u2019Agou, dont le maire Yanon Yapo et son deuxi\u00e8me adjoint, Yapo Euloge Servais. Des remerciements ont \u00e9galement \u00e9t\u00e9 adress\u00e9s \u00e0 M. F\u00e9lix Longon (Pdg de LKF Immobilier Services), Beda Guillaume (minist\u00e8re de la Communication), Mme Fran\u00e7oise Remarck (ministre de la Culture et de la Francophonie), Manuel Allechi du CESEC, Mme Mal\u00e9kah Mourad-Cond\u00e9 (DG de C\u00f4te d\u2019Ivoire Tourisme) et Karim Ouattara (DGA de la Lonaci).<\/p>\n<p>Une mention sp\u00e9ciale a \u00e9t\u00e9 faite aux chefs traditionnels, \u00e0 la pr\u00e9sidente des femmes de Grand-Akoudzin ainsi qu\u2019\u00e0 l\u2019ensemble de la population pour leur mobilisation . C\u00f4t\u00e9 sc\u00e8ne, des artistes tels que Dj Caloudji et Chris Colomb ont assur\u00e9 l\u2019animation, contribuant \u00e0 la r\u00e9ussite de l\u2019\u00e9v\u00e9nement.<\/p>\n<p>Clap de fin donc pour cette 5e \u00e9dition du FIC3A, qui laisse d\u00e9j\u00e0 place aux attentes pour la 6e \u00e9dition annonc\u00e9e en avril 2027.<\/p>\n<p>&nbsp;<\/p>\n<p><strong>Mamadou Ouattara<\/strong><\/p>\n<p>&nbsp;<\/p>\n<p>&nbsp;<\/p>\n","protected":false},"excerpt":{"rendered":"<p>Les lampions se sont \u00e9teints sur la 5e \u00e9dition du Festival international de la culture et des arts Aky\u00e9-K\u00ea d\u2019Agou (FIC3A), apr\u00e8s deux jours de c\u00e9l\u00e9brations , les samedi 4 et dimanche 5 avril 2026, sur la place publique du village de Grand-Akoudzin. C\u2019est ce qui ressort de la note re\u00e7ue par notre r\u00e9daction. Bien [&hellip;]<\/p>\n","protected":false},"author":4,"featured_media":43566,"comment_status":"closed","ping_status":"closed","sticky":false,"template":"","format":"standard","meta":{"_monsterinsights_skip_tracking":false,"_monsterinsights_sitenote_active":false,"_monsterinsights_sitenote_note":"","_monsterinsights_sitenote_category":0,"footnotes":""},"categories":[2,20],"tags":[7857,7853,7854,7856,7855],"class_list":["post-43565","post","type-post","status-publish","format-standard","has-post-thumbnail","hentry","category-featured","category-art-et-culture","tag-culture-akye-ke","tag-fic3a-2026","tag-grand-akoudzin","tag-rythme","tag-vibre"],"_links":{"self":[{"href":"https:\/\/www.lintelligentdabidjan.info\/news\/wp-json\/wp\/v2\/posts\/43565","targetHints":{"allow":["GET"]}}],"collection":[{"href":"https:\/\/www.lintelligentdabidjan.info\/news\/wp-json\/wp\/v2\/posts"}],"about":[{"href":"https:\/\/www.lintelligentdabidjan.info\/news\/wp-json\/wp\/v2\/types\/post"}],"author":[{"embeddable":true,"href":"https:\/\/www.lintelligentdabidjan.info\/news\/wp-json\/wp\/v2\/users\/4"}],"replies":[{"embeddable":true,"href":"https:\/\/www.lintelligentdabidjan.info\/news\/wp-json\/wp\/v2\/comments?post=43565"}],"version-history":[{"count":1,"href":"https:\/\/www.lintelligentdabidjan.info\/news\/wp-json\/wp\/v2\/posts\/43565\/revisions"}],"predecessor-version":[{"id":43567,"href":"https:\/\/www.lintelligentdabidjan.info\/news\/wp-json\/wp\/v2\/posts\/43565\/revisions\/43567"}],"wp:featuredmedia":[{"embeddable":true,"href":"https:\/\/www.lintelligentdabidjan.info\/news\/wp-json\/wp\/v2\/media\/43566"}],"wp:attachment":[{"href":"https:\/\/www.lintelligentdabidjan.info\/news\/wp-json\/wp\/v2\/media?parent=43565"}],"wp:term":[{"taxonomy":"category","embeddable":true,"href":"https:\/\/www.lintelligentdabidjan.info\/news\/wp-json\/wp\/v2\/categories?post=43565"},{"taxonomy":"post_tag","embeddable":true,"href":"https:\/\/www.lintelligentdabidjan.info\/news\/wp-json\/wp\/v2\/tags?post=43565"}],"curies":[{"name":"wp","href":"https:\/\/api.w.org\/{rel}","templated":true}]}}