{"id":43571,"date":"2026-04-28T07:56:59","date_gmt":"2026-04-28T05:56:59","guid":{"rendered":"https:\/\/www.lintelligentdabidjan.info\/news\/?p=43571"},"modified":"2026-04-28T07:57:35","modified_gmt":"2026-04-28T05:57:35","slug":"dabakalarenforcement-de-capacites-des-directeurs-decoles","status":"publish","type":"post","link":"https:\/\/www.lintelligentdabidjan.info\/news\/dabakalarenforcement-de-capacites-des-directeurs-decoles\/","title":{"rendered":"Dabakala:Renforcement de capacit\u00e9s des\u00a0 directeurs d\u2019\u00e9coles\u00a0 \u00a0"},"content":{"rendered":"<p><strong>La section Dabakala 1 de la Coordination Nationale des Directeurs d\u2019\u00c9coles de C\u00f4te d\u2019Ivoire (CNDECI) a organis\u00e9, le samedi 25 avril 2026, une conf\u00e9rence de renforcement de capacit\u00e9s \u00e0 l\u2019attention des directeurs d\u2019\u00e9coles pr\u00e9scolaires et primaires. La rencontre s\u2019est tenue \u00e0 l\u2019espace Adja Ouattara, au quartier Dabakalakro, autour du th\u00e8me : \u00ab Le leadership manag\u00e9rial et p\u00e9dagogique du directeur d\u2019\u00e9cole \u00bb.<\/strong><\/p>\n<p>Anim\u00e9e par Zah Kouadio Christian, Inspecteur de l\u2019Enseignement pr\u00e9scolaire et primaire (IEPP), chef de circonscription adjoint de Fronan, la conf\u00e9rence a r\u00e9uni des directeurs venus de Dabakala et des villages environnants. Le conf\u00e9rencier a structur\u00e9 son intervention autour de trois piliers : la disponibilit\u00e9 du mat\u00e9riel didactique, la pr\u00e9sence active du directeur dans le suivi p\u00e9dagogique et la continuit\u00e9 des strat\u00e9gies \u00e9ducatives. Il a \u00e9galement insist\u00e9 sur le coaching des enseignants pour garantir l\u2019application des bonnes pratiques en classe. \u00ab Le directeur d\u2019\u00e9cole est le premier garant du bon fonctionnement de l\u2019\u00e9tablissement et le rep\u00e8re de la communaut\u00e9 \u00e9ducative \u00bb, a\u2011t\u2011il soulign\u00e9. Pour Coulibaly Aboubacar, coordonnateur des directeurs de l\u2019Inspection de Dabakala 1, l\u2019initiative r\u00e9pond \u00e0 des r\u00e9sultats scolaires jug\u00e9s insuffisants dans certaines \u00e9coles. \u00ab Contribuer \u00e0 l\u2019am\u00e9lioration du syst\u00e8me \u00e9ducatif fait aussi partie de notre r\u00f4le \u00bb, a\u2011t\u2011il indiqu\u00e9, invitant les autres coordinations de la r\u00e9gion du Hambol \u00e0 r\u00e9pliquer l\u2019initiative.<\/p>\n<p>L\u2019activit\u00e9 a b\u00e9n\u00e9fici\u00e9 du soutien de Coulibaly Drougnan Mohamed, engag\u00e9 dans la promotion de l\u2019\u00e9ducation locale, qui a salu\u00e9 \u00ab le r\u00f4le strat\u00e9gique \u00bb des directeurs.<\/p>\n<p>La rencontre s\u2019est achev\u00e9e par un geste de solidarit\u00e9 de la CNDECI envers plusieurs directeurs.<\/p>\n<p>&nbsp;<\/p>\n<p><strong>Nambac\u00e9r\u00e9 Jo\u00ebl\u00a0<\/strong><\/p>\n<p>&nbsp;<\/p>\n<p>&nbsp;<\/p>\n<p>&nbsp;<\/p>\n","protected":false},"excerpt":{"rendered":"<p>La section Dabakala 1 de la Coordination Nationale des Directeurs d\u2019\u00c9coles de C\u00f4te d\u2019Ivoire (CNDECI) a organis\u00e9, le samedi 25 avril 2026, une conf\u00e9rence de renforcement de capacit\u00e9s \u00e0 l\u2019attention des directeurs d\u2019\u00e9coles pr\u00e9scolaires et primaires. La rencontre s\u2019est tenue \u00e0 l\u2019espace Adja Ouattara, au quartier Dabakalakro, autour du th\u00e8me : \u00ab Le leadership manag\u00e9rial [&hellip;]<\/p>\n","protected":false},"author":4,"featured_media":43572,"comment_status":"closed","ping_status":"closed","sticky":false,"template":"","format":"standard","meta":{"_monsterinsights_skip_tracking":false,"_monsterinsights_sitenote_active":false,"_monsterinsights_sitenote_note":"","_monsterinsights_sitenote_category":0,"footnotes":""},"categories":[2,3],"tags":[3313,7862,7861],"class_list":["post-43571","post","type-post","status-publish","format-standard","has-post-thumbnail","hentry","category-featured","category-societe","tag-dabakala","tag-directeurs-decoles","tag-renforcement-de-capacites"],"_links":{"self":[{"href":"https:\/\/www.lintelligentdabidjan.info\/news\/wp-json\/wp\/v2\/posts\/43571","targetHints":{"allow":["GET"]}}],"collection":[{"href":"https:\/\/www.lintelligentdabidjan.info\/news\/wp-json\/wp\/v2\/posts"}],"about":[{"href":"https:\/\/www.lintelligentdabidjan.info\/news\/wp-json\/wp\/v2\/types\/post"}],"author":[{"embeddable":true,"href":"https:\/\/www.lintelligentdabidjan.info\/news\/wp-json\/wp\/v2\/users\/4"}],"replies":[{"embeddable":true,"href":"https:\/\/www.lintelligentdabidjan.info\/news\/wp-json\/wp\/v2\/comments?post=43571"}],"version-history":[{"count":1,"href":"https:\/\/www.lintelligentdabidjan.info\/news\/wp-json\/wp\/v2\/posts\/43571\/revisions"}],"predecessor-version":[{"id":43573,"href":"https:\/\/www.lintelligentdabidjan.info\/news\/wp-json\/wp\/v2\/posts\/43571\/revisions\/43573"}],"wp:featuredmedia":[{"embeddable":true,"href":"https:\/\/www.lintelligentdabidjan.info\/news\/wp-json\/wp\/v2\/media\/43572"}],"wp:attachment":[{"href":"https:\/\/www.lintelligentdabidjan.info\/news\/wp-json\/wp\/v2\/media?parent=43571"}],"wp:term":[{"taxonomy":"category","embeddable":true,"href":"https:\/\/www.lintelligentdabidjan.info\/news\/wp-json\/wp\/v2\/categories?post=43571"},{"taxonomy":"post_tag","embeddable":true,"href":"https:\/\/www.lintelligentdabidjan.info\/news\/wp-json\/wp\/v2\/tags?post=43571"}],"curies":[{"name":"wp","href":"https:\/\/api.w.org\/{rel}","templated":true}]}}