{"id":43574,"date":"2026-04-28T08:01:18","date_gmt":"2026-04-28T06:01:18","guid":{"rendered":"https:\/\/www.lintelligentdabidjan.info\/news\/?p=43574"},"modified":"2026-04-28T08:01:44","modified_gmt":"2026-04-28T06:01:44","slug":"gonate-le-mulcv-inaugure-de-nouveaux-locaux-pour-renforcer-la-proximite-administrative","status":"publish","type":"post","link":"https:\/\/www.lintelligentdabidjan.info\/news\/gonate-le-mulcv-inaugure-de-nouveaux-locaux-pour-renforcer-la-proximite-administrative\/","title":{"rendered":"Gonat\u00e9 : le MULCV inaugure de nouveaux locaux pour renforcer la proximit\u00e9 administrative"},"content":{"rendered":"<p><strong>Le Minist\u00e8re de l&#8217;Urbanisme, du Logement et du Cadre de Vie ( MULCV) a franchi une nouvelle \u00e9tape dans sa politique de d\u00e9centralisation avec l\u2019inauguration officielle, le jeudi 23 avril 2026, de ses nouveaux locaux \u00e0 Gonat\u00e9 .<\/strong><\/p>\n<p>Repr\u00e9sentant le directeur r\u00e9gional, Kody Herbert Carmel a salu\u00e9 la mise en service de cet \u00e9difice moderne, qu\u2019il qualifie d\u2019avanc\u00e9e majeure pour les populations.<\/p>\n<p>Selon lui, cette infrastructure permettra aux usagers d\u2019effectuer leurs d\u00e9marches administratives, notamment en mati\u00e8re de foncier et d\u2019urbanisme, dans de meilleures conditions, tout en r\u00e9duisant les d\u00e9placements.<\/p>\n<p>Cette initiative s\u2019inscrit dans la vision gouvernementale visant \u00e0 rapprocher l\u2019administration des citoyens et \u00e0 am\u00e9liorer l\u2019acc\u00e8s aux services publics.<\/p>\n<p>Avec cette ouverture, le dispositif du MULCV dans la r\u00e9gion du se renforce, en compl\u00e9ment des secteurs d\u00e9j\u00e0 op\u00e9rationnels de B\u00e9diala, Gadouan et Gboguh\u00e9.<\/p>\n<p>Ce nouvel espace de travail, moderne et fonctionnel, devrait am\u00e9liorer significativement la qualit\u00e9 des prestations offertes aux usagers.<\/p>\n<p>Prenant la parole, la sous-pr\u00e9f\u00e8te de Gonat\u00e9, Coulibaly n\u00e9e Adingra Carole, s\u2019est r\u00e9jouie de cette mise en service, mettant fin \u00e0 des conditions de travail jusque-l\u00e0 inadapt\u00e9es. Elle a rappel\u00e9 que les services \u00e9taient auparavant h\u00e9berg\u00e9s \u00e0 la sous-pr\u00e9fecture, ce qui limitait leur efficacit\u00e9.<\/p>\n<p>Elle a \u00e9galement f\u00e9licit\u00e9 les acteurs du projet et exhort\u00e9 le personnel, sous la coordination du chef de secteur Kon\u00e9 Adama, \u00e0 faire preuve de professionnalisme et de rigueur.<\/p>\n<p>S\u2019adressant aux populations, elle les a invit\u00e9es \u00e0 s\u2019approprier cette infrastructure, symbole d\u2019une administration plus proche, plus performante et tourn\u00e9e vers le d\u00e9veloppement local.<\/p>\n<p>La c\u00e9r\u00e9monie a r\u00e9uni autorit\u00e9s administratives, coutumi\u00e8res et religieuses, ainsi qu\u2019une forte mobilisation des populations.<\/p>\n<p><strong>Beker Yao<\/strong><\/p>\n<p>&nbsp;<\/p>\n<p>&nbsp;<\/p>\n<p>&nbsp;<\/p>\n<p>&nbsp;<\/p>\n","protected":false},"excerpt":{"rendered":"<p>Le Minist\u00e8re de l&#8217;Urbanisme, du Logement et du Cadre de Vie ( MULCV) a franchi une nouvelle \u00e9tape dans sa politique de d\u00e9centralisation avec l\u2019inauguration officielle, le jeudi 23 avril 2026, de ses nouveaux locaux \u00e0 Gonat\u00e9 . Repr\u00e9sentant le directeur r\u00e9gional, Kody Herbert Carmel a salu\u00e9 la mise en service de cet \u00e9difice moderne, [&hellip;]<\/p>\n","protected":false},"author":4,"featured_media":43575,"comment_status":"closed","ping_status":"closed","sticky":false,"template":"","format":"standard","meta":{"_monsterinsights_skip_tracking":false,"_monsterinsights_sitenote_active":false,"_monsterinsights_sitenote_note":"","_monsterinsights_sitenote_category":0,"footnotes":""},"categories":[2,3],"tags":[7865,4267,7863,7864,3990],"class_list":["post-43574","post","type-post","status-publish","format-standard","has-post-thumbnail","hentry","category-featured","category-societe","tag-administrative","tag-gonate","tag-le-mulcv","tag-nouveaux-locaux","tag-renforcer"],"_links":{"self":[{"href":"https:\/\/www.lintelligentdabidjan.info\/news\/wp-json\/wp\/v2\/posts\/43574","targetHints":{"allow":["GET"]}}],"collection":[{"href":"https:\/\/www.lintelligentdabidjan.info\/news\/wp-json\/wp\/v2\/posts"}],"about":[{"href":"https:\/\/www.lintelligentdabidjan.info\/news\/wp-json\/wp\/v2\/types\/post"}],"author":[{"embeddable":true,"href":"https:\/\/www.lintelligentdabidjan.info\/news\/wp-json\/wp\/v2\/users\/4"}],"replies":[{"embeddable":true,"href":"https:\/\/www.lintelligentdabidjan.info\/news\/wp-json\/wp\/v2\/comments?post=43574"}],"version-history":[{"count":1,"href":"https:\/\/www.lintelligentdabidjan.info\/news\/wp-json\/wp\/v2\/posts\/43574\/revisions"}],"predecessor-version":[{"id":43576,"href":"https:\/\/www.lintelligentdabidjan.info\/news\/wp-json\/wp\/v2\/posts\/43574\/revisions\/43576"}],"wp:featuredmedia":[{"embeddable":true,"href":"https:\/\/www.lintelligentdabidjan.info\/news\/wp-json\/wp\/v2\/media\/43575"}],"wp:attachment":[{"href":"https:\/\/www.lintelligentdabidjan.info\/news\/wp-json\/wp\/v2\/media?parent=43574"}],"wp:term":[{"taxonomy":"category","embeddable":true,"href":"https:\/\/www.lintelligentdabidjan.info\/news\/wp-json\/wp\/v2\/categories?post=43574"},{"taxonomy":"post_tag","embeddable":true,"href":"https:\/\/www.lintelligentdabidjan.info\/news\/wp-json\/wp\/v2\/tags?post=43574"}],"curies":[{"name":"wp","href":"https:\/\/api.w.org\/{rel}","templated":true}]}}