{"id":43577,"date":"2026-04-28T08:05:03","date_gmt":"2026-04-28T06:05:03","guid":{"rendered":"https:\/\/www.lintelligentdabidjan.info\/news\/?p=43577"},"modified":"2026-04-28T08:05:08","modified_gmt":"2026-04-28T06:05:08","slug":"bouafle-amed-ouedraogo-integre-lordre-mondial-des-experts-internationaux-omei","status":"publish","type":"post","link":"https:\/\/www.lintelligentdabidjan.info\/news\/bouafle-amed-ouedraogo-integre-lordre-mondial-des-experts-internationaux-omei\/","title":{"rendered":"Bouafl\u00e9 : Amed Ou\u00e9draogo int\u00e8gre l\u2019Ordre mondial des experts internationaux (OMEI)"},"content":{"rendered":"<p><strong>\u00ab C\u2019est un sentiment de joie et de fiert\u00e9. Mon courage, ma d\u00e9termination et ma r\u00e9silience ont fini par porter leurs fruits. \u00c0 travers cette reconnaissance, c\u2019est ma nation, ma r\u00e9gion de la Marahou\u00e9, ma ville de Bouafl\u00e9 et ma famille que j\u2019honore. Je rends gr\u00e2ce au Seigneur J\u00e9sus-Christ. \u00bb<\/strong><\/p>\n<p>C\u2019est en ces termes que Amed Ou\u00e9draogo a r\u00e9agi \u00e0 son admission \u00e0 l\u2019Ordre mondial des experts internationaux (OMEI), une institution bas\u00e9e \u00e0 Gen\u00e8ve, en Suisse.<\/p>\n<p>Pr\u00e9sident-directeur g\u00e9n\u00e9ral de l\u2019entreprise ORBON CONSTRUCTION, cet expert du foncier, originaire de Bouafl\u00e9 , franchit une \u00e9tape majeure dans son parcours professionnel.<\/p>\n<p>Cette distinction consacre son expertise en am\u00e9nagement foncier et en gouvernance territoriale, tout en \u00e9largissant ses perspectives d\u2019intervention aupr\u00e8s des d\u00e9cideurs publics.<\/p>\n<p>D\u00e9sormais membre de l\u2019OMEI, il est appel\u00e9 \u00e0 accompagner les \u00c9tats dans la gestion des enjeux fonciers, notamment en mati\u00e8re de pr\u00e9vention et de r\u00e8glement des conflits, de promotion immobili\u00e8re et de conseil strat\u00e9gique.<\/p>\n<p>Dans une dynamique de renforcement de ses comp\u00e9tences, il participe, depuis le 14 avril 2026, \u00e0 un s\u00e9minaire de haut niveau \u00e0 , consacr\u00e9 \u00e0 \u00ab l\u2019intelligence fonci\u00e8re et immobili\u00e8re \u00bb. Cette formation vise \u00e0 int\u00e9grer des outils innovants pour mieux r\u00e9pondre aux d\u00e9fis li\u00e9s \u00e0 l\u2019urbanisation.<\/p>\n<p>Dans la r\u00e9gion de la Marahou\u00e9 , cette reconnaissance est per\u00e7ue comme une opportunit\u00e9 pour renforcer la gestion du foncier et accompagner les politiques d\u2019am\u00e9nagement du territoire.<\/p>\n<p><strong>Beker Yao<\/strong><\/p>\n<p>&nbsp;<\/p>\n<p>&nbsp;<\/p>\n","protected":false},"excerpt":{"rendered":"<p>\u00ab C\u2019est un sentiment de joie et de fiert\u00e9. Mon courage, ma d\u00e9termination et ma r\u00e9silience ont fini par porter leurs fruits. \u00c0 travers cette reconnaissance, c\u2019est ma nation, ma r\u00e9gion de la Marahou\u00e9, ma ville de Bouafl\u00e9 et ma famille que j\u2019honore. Je rends gr\u00e2ce au Seigneur J\u00e9sus-Christ. \u00bb C\u2019est en ces termes que [&hellip;]<\/p>\n","protected":false},"author":4,"featured_media":43578,"comment_status":"closed","ping_status":"closed","sticky":false,"template":"","format":"standard","meta":{"_monsterinsights_skip_tracking":false,"_monsterinsights_sitenote_active":false,"_monsterinsights_sitenote_note":"","_monsterinsights_sitenote_category":0,"footnotes":""},"categories":[2,3],"tags":[3334,2176,7866,7867],"class_list":["post-43577","post","type-post","status-publish","format-standard","has-post-thumbnail","hentry","category-featured","category-societe","tag-amed-ouedraogo","tag-bouafle","tag-lordre-mondial-des-experts-internationaux","tag-omei"],"_links":{"self":[{"href":"https:\/\/www.lintelligentdabidjan.info\/news\/wp-json\/wp\/v2\/posts\/43577","targetHints":{"allow":["GET"]}}],"collection":[{"href":"https:\/\/www.lintelligentdabidjan.info\/news\/wp-json\/wp\/v2\/posts"}],"about":[{"href":"https:\/\/www.lintelligentdabidjan.info\/news\/wp-json\/wp\/v2\/types\/post"}],"author":[{"embeddable":true,"href":"https:\/\/www.lintelligentdabidjan.info\/news\/wp-json\/wp\/v2\/users\/4"}],"replies":[{"embeddable":true,"href":"https:\/\/www.lintelligentdabidjan.info\/news\/wp-json\/wp\/v2\/comments?post=43577"}],"version-history":[{"count":1,"href":"https:\/\/www.lintelligentdabidjan.info\/news\/wp-json\/wp\/v2\/posts\/43577\/revisions"}],"predecessor-version":[{"id":43579,"href":"https:\/\/www.lintelligentdabidjan.info\/news\/wp-json\/wp\/v2\/posts\/43577\/revisions\/43579"}],"wp:featuredmedia":[{"embeddable":true,"href":"https:\/\/www.lintelligentdabidjan.info\/news\/wp-json\/wp\/v2\/media\/43578"}],"wp:attachment":[{"href":"https:\/\/www.lintelligentdabidjan.info\/news\/wp-json\/wp\/v2\/media?parent=43577"}],"wp:term":[{"taxonomy":"category","embeddable":true,"href":"https:\/\/www.lintelligentdabidjan.info\/news\/wp-json\/wp\/v2\/categories?post=43577"},{"taxonomy":"post_tag","embeddable":true,"href":"https:\/\/www.lintelligentdabidjan.info\/news\/wp-json\/wp\/v2\/tags?post=43577"}],"curies":[{"name":"wp","href":"https:\/\/api.w.org\/{rel}","templated":true}]}}