{"id":43580,"date":"2026-04-28T08:09:39","date_gmt":"2026-04-28T06:09:39","guid":{"rendered":"https:\/\/www.lintelligentdabidjan.info\/news\/?p=43580"},"modified":"2026-04-28T08:10:05","modified_gmt":"2026-04-28T06:10:05","slug":"lintelligent-en-pdf-prime-speciale-de-retraite-et-pnd-2026-2030-comment-adama-kamara-et-souleymane-diarrassouba-ont-convaincu-le-senat-hier","status":"publish","type":"post","link":"https:\/\/www.lintelligentdabidjan.info\/news\/lintelligent-en-pdf-prime-speciale-de-retraite-et-pnd-2026-2030-comment-adama-kamara-et-souleymane-diarrassouba-ont-convaincu-le-senat-hier\/","title":{"rendered":"\u00a0L\u2019Intelligent\u00a0 en PDF\u00a0 Prime sp\u00e9ciale de retraite et PND 2026-2030  Comment Adama Kamara et Souleymane Diarrassouba\u00a0 ont\u00a0 convaincu le S\u00e9nat\u00a0 hier"},"content":{"rendered":"<div><strong>Le ministre de l\u2019Emploi, de la Protection sociale et de la formation professionnelle,\u00a0 Adama Kamara, a d\u00e9fendu, le lundi 27 avril 2026, devant la Commission des affaires sociales et culturelles (CASC) du S\u00e9nat, deux projets de loi portant ratification d\u2019ordonnances relatives \u00e0 la prime sp\u00e9ciale de retraite. De son c\u00f4t\u00e9, le ministre du Plan et du D\u00e9veloppement, Souleymane Diarrassouba a pr\u00e9sent\u00e9 devant la Commission des affaires \u00e9conomiques et financi\u00e8res (CAEF)\u00a0 \u00a0le projet de loi portant Plan national de d\u00e9veloppement (PND) 2026-2030. Comment ces deux \u00e9missaires du gouvernement ont convaincu les s\u00e9nateurs ?<\/strong><\/div>\n<div><\/div>\n<div>Article \u00e0 d\u00e9couvrir en ligne sur\u2026<\/div>\n<div><a href=\"https:\/\/news.abidjan.net\/titrologie\/39-lintelligent-dabidjan\/articles\" target=\"_blank\" rel=\"noopener\">https:\/\/news.abidjan.net\/titrologie\/39-lintelligent-dabidjan\/articles<\/a><\/div>\n<div><\/div>\n<div>\u00c0 lire \u00e9galement ce que pr\u00e9pare le ministre Kalil Konat\u00e9 au niveau de l\u2019artisanat ivoirien, La r\u00e9action du PPA-CI suite aux attaques terroristes et meurtri\u00e8res au Mali ; La C\u00f4te d\u2019Ivoire clarifie sa vision sur l\u2019exploitation du gaz \u00e0 Bretton Woods ;\u00a0 Le\u00a0 nouvel \u00e9v\u00eaque auxiliaire de\u00a0 l\u2019Archidioc\u00e8se d\u2019Abidjan\u00a0prend un engagement<\/div>\n<div><\/div>\n<div>\u00a0Cliquez pour les d\u00e9tails<\/div>\n<div><a href=\"https:\/\/www.afrikipresse.com\/abonnement\" target=\"_blank\" rel=\"noopener\">https:\/\/www.afrikipresse.com\/abonnement<\/a><\/div>\n<div><\/div>\n<div>\u00c0 voir aussi les premi\u00e8res attractions qui attendent les festivaliers au\u00a0 FEMUA 18\u00a0 et le cri d\u2019alarme du directeur r\u00e9gional des transports concernant la\u00a0 recrudescence des accidents de circulation \u00e0 Daloa<\/div>\n<div><a href=\"https:\/\/www.pressecotedivoire.fr\/titrologie\" target=\"_blank\" rel=\"noopener\">https:\/\/www.pressecotedivoire.fr\/titrologie<\/a><\/div>\n<div><\/div>\n<div><\/div>\n","protected":false},"excerpt":{"rendered":"<p>Le ministre de l\u2019Emploi, de la Protection sociale et de la formation professionnelle,\u00a0 Adama Kamara, a d\u00e9fendu, le lundi 27 avril 2026, devant la Commission des affaires sociales et culturelles (CASC) du S\u00e9nat, deux projets de loi portant ratification d\u2019ordonnances relatives \u00e0 la prime sp\u00e9ciale de retraite. De son c\u00f4t\u00e9, le ministre du Plan et [&hellip;]<\/p>\n","protected":false},"author":4,"featured_media":43581,"comment_status":"closed","ping_status":"closed","sticky":false,"template":"","format":"standard","meta":{"_monsterinsights_skip_tracking":false,"_monsterinsights_sitenote_active":false,"_monsterinsights_sitenote_note":"","_monsterinsights_sitenote_category":0,"footnotes":""},"categories":[2,3],"tags":[],"class_list":["post-43580","post","type-post","status-publish","format-standard","has-post-thumbnail","hentry","category-featured","category-societe"],"_links":{"self":[{"href":"https:\/\/www.lintelligentdabidjan.info\/news\/wp-json\/wp\/v2\/posts\/43580","targetHints":{"allow":["GET"]}}],"collection":[{"href":"https:\/\/www.lintelligentdabidjan.info\/news\/wp-json\/wp\/v2\/posts"}],"about":[{"href":"https:\/\/www.lintelligentdabidjan.info\/news\/wp-json\/wp\/v2\/types\/post"}],"author":[{"embeddable":true,"href":"https:\/\/www.lintelligentdabidjan.info\/news\/wp-json\/wp\/v2\/users\/4"}],"replies":[{"embeddable":true,"href":"https:\/\/www.lintelligentdabidjan.info\/news\/wp-json\/wp\/v2\/comments?post=43580"}],"version-history":[{"count":1,"href":"https:\/\/www.lintelligentdabidjan.info\/news\/wp-json\/wp\/v2\/posts\/43580\/revisions"}],"predecessor-version":[{"id":43582,"href":"https:\/\/www.lintelligentdabidjan.info\/news\/wp-json\/wp\/v2\/posts\/43580\/revisions\/43582"}],"wp:featuredmedia":[{"embeddable":true,"href":"https:\/\/www.lintelligentdabidjan.info\/news\/wp-json\/wp\/v2\/media\/43581"}],"wp:attachment":[{"href":"https:\/\/www.lintelligentdabidjan.info\/news\/wp-json\/wp\/v2\/media?parent=43580"}],"wp:term":[{"taxonomy":"category","embeddable":true,"href":"https:\/\/www.lintelligentdabidjan.info\/news\/wp-json\/wp\/v2\/categories?post=43580"},{"taxonomy":"post_tag","embeddable":true,"href":"https:\/\/www.lintelligentdabidjan.info\/news\/wp-json\/wp\/v2\/tags?post=43580"}],"curies":[{"name":"wp","href":"https:\/\/api.w.org\/{rel}","templated":true}]}}