{"id":43583,"date":"2026-04-29T07:41:00","date_gmt":"2026-04-29T05:41:00","guid":{"rendered":"https:\/\/www.lintelligentdabidjan.info\/news\/?p=43583"},"modified":"2026-04-29T07:41:09","modified_gmt":"2026-04-29T05:41:09","slug":"paris-niale-kaba-sacree","status":"publish","type":"post","link":"https:\/\/www.lintelligentdabidjan.info\/news\/paris-niale-kaba-sacree\/","title":{"rendered":"Paris:  Nial\u00e9 Kaba sacr\u00e9e"},"content":{"rendered":"<p><strong>Nial\u00e9 Kaba, Ministre d\u2019\u00c9tat, Ministre des Affaires \u00e9trang\u00e8res et de la Coop\u00e9ration internationale de la R\u00e9publique de C\u00f4te d\u2019Ivoire, a \u00e9t\u00e9 proclam\u00e9e Meilleure Ministre Africaine de l\u2019ann\u00e9e 2026 lors de la 9\u1d49 Conf\u00e9rence Internationale Croissance PEACE organis\u00e9e \u00e0 Assembl\u00e9e nationale fran\u00e7aise. Une distinction prestigieuse qui consacre \u00e0 la fois son parcours personnel et le rayonnement international croissant de la C\u00f4te d\u2019Ivoire sous la conduite du Pr\u00e9sident Alassane Ouattara.<\/strong><\/p>\n<p>La c\u00e9r\u00e9monie officielle de remise de prix s\u2019est tenue le 27 avril 2026 \u00e0 Paris, en pr\u00e9sence de nombreuses personnalit\u00e9s diplomatiques, politiques et \u00e9conomiques. Cr\u00e9\u00e9e en 2012 par Ludovic Emanuely, l\u2019organisation Croissance PEACE \u0153uvre au renforcement des relations \u00e9conomiques entre l\u2019Afrique, la Chine et l\u2019Europe, en favorisant les investissements, le dialogue multilat\u00e9ral et les partenariats strat\u00e9giques. La ministre ivoirienne a \u00e9t\u00e9 d\u00e9sign\u00e9e laur\u00e9ate par une commission sp\u00e9ciale ind\u00e9pendante \u00e0 l\u2019issue d\u2019un processus de s\u00e9lection rigoureux.<\/p>\n<p>Cette reconnaissance internationale vient couronner une trajectoire exceptionnelle au sommet de l\u2019\u00c9tat ivoirien. En 2012, Nial\u00e9 Kaba devient la premi\u00e8re femme nomm\u00e9e Ministre de l\u2019\u00c9conomie et des Finances en C\u00f4te d\u2019Ivoire. Sous sa direction, le pays enregistre une croissance avoisinant 9 %, positionnant l\u2019\u00e9conomie ivoirienne parmi les plus dynamiques d\u2019Afrique subsaharienne. De 2016 \u00e0 2025, elle conduit ensuite les d\u00e9partements du Plan et du D\u00e9veloppement, avec pour principale r\u00e9alisation la conception et la mise en \u0153uvre des Plans Nationaux de D\u00e9veloppement, v\u00e9ritables leviers de transformation structurelle du pays.<\/p>\n<p>Son passage \u00e0 la t\u00eate de l\u2019\u00e9conomie nationale est \u00e9galement marqu\u00e9 par la r\u00e9\u00e9valuation du Produit int\u00e9rieur brut ivoirien, rehauss\u00e9 de 38,2 %, r\u00e9v\u00e9lant une \u00e9conomie jusque-l\u00e0 sous-estim\u00e9e. En janvier 2025, le Pr\u00e9sident Alassane Ouattara lui confie la diplomatie ivoirienne en la nommant Ministre d\u2019\u00c9tat, Ministre des Affaires \u00e9trang\u00e8res et de la Coop\u00e9ration internationale, consacrant ainsi son exp\u00e9rience et sa stature internationale.<\/p>\n<p>Sur le plan continental, Nial\u00e9 Kaba a \u00e9galement marqu\u00e9 les esprits en pr\u00e9sidant, entre 2019 et 2020, le Conseil des gouverneurs de Banque africaine de d\u00e9veloppement. Durant cette p\u00e9riode, une augmentation historique de capital de 125 % a \u00e9t\u00e9 r\u00e9alis\u00e9e, renfor\u00e7ant consid\u00e9rablement la capacit\u00e9 de financement de l\u2019institution panafricaine au service des infrastructures, de l\u2019\u00e9nergie et du d\u00e9veloppement humain.<\/p>\n<p>Dans le domaine de la coop\u00e9ration internationale, les performances enregistr\u00e9es sont tout aussi significatives. Les financements entre la C\u00f4te d\u2019Ivoire et le Groupe de Coordination Arabe sont pass\u00e9s de 600 millions \u00e0 pr\u00e8s de 3 milliards de dollars en quelques ann\u00e9es. Entre 2021 et 2024, elle a \u00e9galement coordonn\u00e9 600 millions de dollars de dons dans le cadre des partenariats avec les agences des Nations unies.<\/p>\n<p>\u00c0 l\u2019ouverture de cette 9\u1d49 \u00e9dition, Nial\u00e9 Kaba a anim\u00e9 un Grand Oral sur le th\u00e8me : \u00ab La C\u00f4te d\u2019Ivoire, pi\u00e8ce ma\u00eetresse dans les \u00e9changes intra-africains \u00bb. Elle y a rappel\u00e9 que, selon la CNUCED, le commerce intra-africain ne repr\u00e9sente encore que 16 % des \u00e9changes du continent, contre 68 % en Europe et 59 % en Asie. Face \u00e0 ce d\u00e9fi, elle a plaid\u00e9 pour une diplomatie \u00e9conomique offensive capable d\u2019accompagner les entreprises africaines dans leur expansion r\u00e9gionale.<\/p>\n<p>\u00c0 travers cette distinction, c\u2019est toute la strat\u00e9gie ivoirienne de modernisation, de performance \u00e9conomique et de rayonnement diplomatique qui se trouve salu\u00e9e. Le sacre de Nial\u00e9 Kaba confirme la place grandissante de la C\u00f4te d\u2019Ivoire comme puissance d\u2019influence en Afrique et partenaire cr\u00e9dible sur la sc\u00e8ne internationale.<\/p>\n<p>&nbsp;<\/p>\n<p><strong>Tour\u00e9 Abdoulaye avec A. Traor\u00e9<\/strong><\/p>\n<p>&nbsp;<\/p>\n<p>&nbsp;<\/p>\n<p>&nbsp;<\/p>\n","protected":false},"excerpt":{"rendered":"<p>Nial\u00e9 Kaba, Ministre d\u2019\u00c9tat, Ministre des Affaires \u00e9trang\u00e8res et de la Coop\u00e9ration internationale de la R\u00e9publique de C\u00f4te d\u2019Ivoire, a \u00e9t\u00e9 proclam\u00e9e Meilleure Ministre Africaine de l\u2019ann\u00e9e 2026 lors de la 9\u1d49 Conf\u00e9rence Internationale Croissance PEACE organis\u00e9e \u00e0 Assembl\u00e9e nationale fran\u00e7aise. Une distinction prestigieuse qui consacre \u00e0 la fois son parcours personnel et le rayonnement [&hellip;]<\/p>\n","protected":false},"author":4,"featured_media":43584,"comment_status":"closed","ping_status":"closed","sticky":false,"template":"","format":"standard","meta":{"_monsterinsights_skip_tracking":false,"_monsterinsights_sitenote_active":false,"_monsterinsights_sitenote_note":"","_monsterinsights_sitenote_category":0,"footnotes":""},"categories":[2,3],"tags":[1280,112,7868],"class_list":["post-43583","post","type-post","status-publish","format-standard","has-post-thumbnail","hentry","category-featured","category-societe","tag-niale-kaba","tag-paris","tag-sacree"],"_links":{"self":[{"href":"https:\/\/www.lintelligentdabidjan.info\/news\/wp-json\/wp\/v2\/posts\/43583","targetHints":{"allow":["GET"]}}],"collection":[{"href":"https:\/\/www.lintelligentdabidjan.info\/news\/wp-json\/wp\/v2\/posts"}],"about":[{"href":"https:\/\/www.lintelligentdabidjan.info\/news\/wp-json\/wp\/v2\/types\/post"}],"author":[{"embeddable":true,"href":"https:\/\/www.lintelligentdabidjan.info\/news\/wp-json\/wp\/v2\/users\/4"}],"replies":[{"embeddable":true,"href":"https:\/\/www.lintelligentdabidjan.info\/news\/wp-json\/wp\/v2\/comments?post=43583"}],"version-history":[{"count":1,"href":"https:\/\/www.lintelligentdabidjan.info\/news\/wp-json\/wp\/v2\/posts\/43583\/revisions"}],"predecessor-version":[{"id":43585,"href":"https:\/\/www.lintelligentdabidjan.info\/news\/wp-json\/wp\/v2\/posts\/43583\/revisions\/43585"}],"wp:featuredmedia":[{"embeddable":true,"href":"https:\/\/www.lintelligentdabidjan.info\/news\/wp-json\/wp\/v2\/media\/43584"}],"wp:attachment":[{"href":"https:\/\/www.lintelligentdabidjan.info\/news\/wp-json\/wp\/v2\/media?parent=43583"}],"wp:term":[{"taxonomy":"category","embeddable":true,"href":"https:\/\/www.lintelligentdabidjan.info\/news\/wp-json\/wp\/v2\/categories?post=43583"},{"taxonomy":"post_tag","embeddable":true,"href":"https:\/\/www.lintelligentdabidjan.info\/news\/wp-json\/wp\/v2\/tags?post=43583"}],"curies":[{"name":"wp","href":"https:\/\/api.w.org\/{rel}","templated":true}]}}