{"id":43593,"date":"2026-04-29T07:51:28","date_gmt":"2026-04-29T05:51:28","guid":{"rendered":"https:\/\/www.lintelligentdabidjan.info\/news\/?p=43593"},"modified":"2026-04-29T07:51:35","modified_gmt":"2026-04-29T05:51:35","slug":"la-maire-de-la-cohesion-et-du-vivre-ensemble-fatima-bamba-le-social-en-bandouliere","status":"publish","type":"post","link":"https:\/\/www.lintelligentdabidjan.info\/news\/la-maire-de-la-cohesion-et-du-vivre-ensemble-fatima-bamba-le-social-en-bandouliere\/","title":{"rendered":"La Maire de la coh\u00e9sion et du vivre-ensemble : Fatima Bamba, le social en bandouli\u00e8re."},"content":{"rendered":"<p>\u00c0 Anyama, on ne dit pas seulement \u00ab Madame le Maire \u00bb. On dit souvent \u00ab Maman Bamba \u00bb. Non par familiarit\u00e9 facile, mais par reconnaissance. Depuis plusieurs ann\u00e9es, Fatima Bamba a fait du social son cheval de bataille et du cadre de vie son serment. Maire de la commune d\u2019Anyama, Docteur Honoris Causa, Vice-pr\u00e9sidente de l\u2019UVICOCI en charge du cadre de vie et de l\u2019environnement durable, elle incarne une g\u00e9n\u00e9ration d\u2019\u00e9lues qui refusent de choisir entre le c\u0153ur et les chiffres. Pour elle, une commune se mesure d\u2019abord au sourire de ses enfants, \u00e0 la s\u00e9curit\u00e9 de ses m\u00e8res, \u00e0 la dignit\u00e9 de ses anciens.<\/p>\n<p><strong>Le social, une m\u00e9thode avant d\u2019\u00eatre un slogan.<\/strong><\/p>\n<p>Chez Fatima Bamba, le social commence par le terrain. March\u00e9s, cours communes, centres de sant\u00e9, \u00e9coles : elle est de ces maires qui pensent qu\u2019un bureau est une passerelle, pas une forteresse. Sant\u00e9 de proximit\u00e9, appui \u00e0 la scolarisation des jeunes filles, autonomisation des femmes par les coop\u00e9ratives, prise en charge des personnes vuln\u00e9rables : chaque action part d\u2019une \u00e9coute et finit par une solution. Son principe est clair : \u00ab On ne gouverne pas les statistiques, on sert des humains. \u00bb<\/p>\n<p><strong>Le cadre de vie, signature d\u2019une Vice-pr\u00e9sidente.<\/strong><\/p>\n<p>\u00c0 l\u2019UVICOCI, sa voix porte au-del\u00e0 d\u2019Anyama. En charge du cadre de vie et de l\u2019environnement durable, elle rappelle que la salubrit\u00e9 n\u2019est pas un luxe. C\u2019est la premi\u00e8re m\u00e9decine des quartiers populaires. Assainissement des caniveaux, lutte contre les inondations, reboisement urbain, gestion des d\u00e9p\u00f4ts sauvages : elle d\u00e9fend l\u2019id\u00e9e qu\u2019une ville propre est une ville qui respecte ses habitants. Elle plaide pour que les communs p\u00e9riph\u00e9riques du Grand Abidjan aient les moyens de leur croissance d\u00e9mographique. Car l\u2019\u00e9quit\u00e9 territoriale commence par l\u2019eau, l\u2019\u00e9lectricit\u00e9 et des rues praticables.<\/p>\n<p><strong>Anyama, plaidoyer pour la dignit\u00e9.<\/strong><\/p>\n<p>Eau, \u00e9lectricit\u00e9, hydraulique : trois mots qui reviennent dans chacun de ses discours. Non pour se plaindre, mais pour planifier. Fatima Bamba sait qu\u2019Anyama est la porte Nord d\u2019Abidjan. Que des infrastructures nationales majeures y vivent. Que des milliers de travailleurs y dorment. Alors elle r\u00e9p\u00e8te : \u00ab Une commune d\u2019Anyama fort, c\u2019est un Abidjan qui respire \u00bb. Elle demande des investissements, pas des faveurs. Des projets, pas des promesses.<\/p>\n<p><strong>La coh\u00e9sion, l\u2019autre chantier.<\/strong><\/p>\n<p>Docteur Honoris Causa, elle porte cette distinction comme une responsabilit\u00e9. Celle de rassembler. Dans une commune aux multiples communaut\u00e9s, elle fait du vivre-ensemble un acte politique. Elle dialogue avec les chefferies pour apaiser les conflits. Elle associe les guides religieux, les jeunes, les femmes aux d\u00e9cisions. Son credo : \u00ab Le d\u00e9veloppement ne prend que sur un sol en paix \u00bb.<\/p>\n<p><strong>La vision.<\/strong><\/p>\n<p>Quand on lui demande sa vision, elle r\u00e9pond par une image : \u00ab Je veux qu\u2019on dise d\u2019Anyama : c\u2019est propre, c\u2019est s\u00fbr, c\u2019est solidaire \u00bb. Pas pour un mandat. Pour les g\u00e9n\u00e9rations. Sa projection ne sera pas un b\u00e2timent. Ce sera une culture : celle d\u2019une administration qui descend de sa tour, celle d\u2019une ville qui monte sans laisser les siens au bord de la route. Fatima Bamba a fait de la Mairie une maison. On y entre avec un probl\u00e8me. On en ressort avec une piste. On y parle atti\u00e9, dioula, fran\u00e7ais. Mais on y entend une seule langue : celle du service. Le social en bandouli\u00e8re. Anyama en h\u00e9ritage. L\u2019histoire est en marche.<\/p>\n<p>&nbsp;<\/p>\n<p><strong>CoolBee Ouattara.<\/strong><\/p>\n","protected":false},"excerpt":{"rendered":"<p>\u00c0 Anyama, on ne dit pas seulement \u00ab Madame le Maire \u00bb. On dit souvent \u00ab Maman Bamba \u00bb. Non par familiarit\u00e9 facile, mais par reconnaissance. Depuis plusieurs ann\u00e9es, Fatima Bamba a fait du social son cheval de bataille et du cadre de vie son serment. Maire de la commune d\u2019Anyama, Docteur Honoris Causa, Vice-pr\u00e9sidente [&hellip;]<\/p>\n","protected":false},"author":4,"featured_media":43594,"comment_status":"closed","ping_status":"closed","sticky":false,"template":"","format":"standard","meta":{"_monsterinsights_skip_tracking":false,"_monsterinsights_sitenote_active":false,"_monsterinsights_sitenote_note":"","_monsterinsights_sitenote_category":0,"footnotes":""},"categories":[2,3],"tags":[7874,7872,7870,7873,7871],"class_list":["post-43593","post","type-post","status-publish","format-standard","has-post-thumbnail","hentry","category-featured","category-societe","tag-bandouliere","tag-fatima-bamba","tag-la-maire-de-la-cohesion","tag-le-social","tag-vivre-ensemble"],"_links":{"self":[{"href":"https:\/\/www.lintelligentdabidjan.info\/news\/wp-json\/wp\/v2\/posts\/43593","targetHints":{"allow":["GET"]}}],"collection":[{"href":"https:\/\/www.lintelligentdabidjan.info\/news\/wp-json\/wp\/v2\/posts"}],"about":[{"href":"https:\/\/www.lintelligentdabidjan.info\/news\/wp-json\/wp\/v2\/types\/post"}],"author":[{"embeddable":true,"href":"https:\/\/www.lintelligentdabidjan.info\/news\/wp-json\/wp\/v2\/users\/4"}],"replies":[{"embeddable":true,"href":"https:\/\/www.lintelligentdabidjan.info\/news\/wp-json\/wp\/v2\/comments?post=43593"}],"version-history":[{"count":1,"href":"https:\/\/www.lintelligentdabidjan.info\/news\/wp-json\/wp\/v2\/posts\/43593\/revisions"}],"predecessor-version":[{"id":43595,"href":"https:\/\/www.lintelligentdabidjan.info\/news\/wp-json\/wp\/v2\/posts\/43593\/revisions\/43595"}],"wp:featuredmedia":[{"embeddable":true,"href":"https:\/\/www.lintelligentdabidjan.info\/news\/wp-json\/wp\/v2\/media\/43594"}],"wp:attachment":[{"href":"https:\/\/www.lintelligentdabidjan.info\/news\/wp-json\/wp\/v2\/media?parent=43593"}],"wp:term":[{"taxonomy":"category","embeddable":true,"href":"https:\/\/www.lintelligentdabidjan.info\/news\/wp-json\/wp\/v2\/categories?post=43593"},{"taxonomy":"post_tag","embeddable":true,"href":"https:\/\/www.lintelligentdabidjan.info\/news\/wp-json\/wp\/v2\/tags?post=43593"}],"curies":[{"name":"wp","href":"https:\/\/api.w.org\/{rel}","templated":true}]}}