{"id":43596,"date":"2026-04-30T06:56:23","date_gmt":"2026-04-30T04:56:23","guid":{"rendered":"https:\/\/www.lintelligentdabidjan.info\/news\/?p=43596"},"modified":"2026-04-30T06:56:23","modified_gmt":"2026-04-30T04:56:23","slug":"yamoussoukro-vers-un-prix-annuel-pour-les-artistes","status":"publish","type":"post","link":"https:\/\/www.lintelligentdabidjan.info\/news\/yamoussoukro-vers-un-prix-annuel-pour-les-artistes\/","title":{"rendered":"Yamoussoukro :  Vers un prix annuel pour les artistes"},"content":{"rendered":"<p><strong>\u00c0 l\u2019occasion des Journ\u00e9es internationales combin\u00e9es de la danse et du th\u00e9\u00e2tre, le ministre, gouverneur du District autonome de Yamoussoukro, Augustin Thiam, a annonc\u00e9 la cr\u00e9ation prochaine d\u2019un prix annuel destin\u00e9 \u00e0 distinguer les meilleurs artistes ivoiriens.<\/strong><\/p>\n<p>L\u2019\u00e9v\u00e9nement, co-organis\u00e9 avec la direction r\u00e9gionale de la Culture et de la Francophonie du B\u00e9lier, s\u2019est tenu le mercredi 29 avril 2026 au foyer des jeunes de Morof\u00e9, en pr\u00e9sence des autorit\u00e9s coutumi\u00e8res, religieuses , administratives, d\u2019acteurs culturels et de nombreux jeunes.<\/p>\n<p>Dans son adresse, le ministre Augustin Thiam a affich\u00e9 son ambition de repositionner la culture au c\u0153ur de l\u2019action publique locale. Apr\u00e8s avoir longtemps privil\u00e9gi\u00e9 les infrastructures, il entend d\u00e9sormais consacrer les ann\u00e9es \u00e0 venir au d\u00e9veloppement culturel. \u00ab La danse et le th\u00e9\u00e2tre sont des facteurs de coh\u00e9sion sociale. Nous voulons leur donner toute la place qu\u2019ils m\u00e9ritent \u00bb, a-t-il d\u00e9clar\u00e9.<\/p>\n<p>Le ministre, gouverneur a ainsi annonc\u00e9 la mise en place d\u2019une distinction annuelle, baptis\u00e9e \u00ab B\u00e9lier d\u2019or \u00bb ou \u00ab Boigny d\u2019or \u00bb, qui r\u00e9compensera les talents dans les diff\u00e9rentes disciplines artistiques. Cette initiative vise \u00e0 valoriser durablement les cr\u00e9ateurs ivoiriens, souvent prim\u00e9s puis oubli\u00e9s. \u00ab Il s\u2019agit d\u2019inscrire ces r\u00e9compenses dans la dur\u00e9e et d\u2019en faire un rendez-vous culturel majeur \u00e0 Yamoussoukro \u00bb, a-t-il pr\u00e9cis\u00e9.<\/p>\n<p>Par ailleurs ,\u00a0 Augustin Thiam a \u00e9voqu\u00e9 le projet de transformation de la r\u00e9sidence du premier pr\u00e9sident ivoirien, F\u00e9lix Houphou\u00ebt-Boigny, en mus\u00e9e. Une d\u00e9marche qu\u2019il juge essentielle pour pr\u00e9server la m\u00e9moire nationale, notamment aupr\u00e8s d\u2019une jeunesse majoritairement \u00e2g\u00e9e de moins de 35 ans. Il a \u00e9galement plaid\u00e9 pour l\u2019int\u00e9gration de la danse et du th\u00e9\u00e2tre dans les programmes scolaires, au m\u00eame titre que les disciplines acad\u00e9miques classiques.<\/p>\n<p>Intervenant \u00e0 son tour, le pr\u00e9fet de r\u00e9gion, pr\u00e9fet de Yamoussoukro, Coulibaly Gando, a salu\u00e9 l\u2019engagement personnel du ministre, gouverneur dans la promotion des arts. Il a insist\u00e9 sur l\u2019importance de la culture comme socle identitaire, mettant en garde contre la disparition progressive des danses traditionnelles dans les villages. \u00ab La culture est l\u2019\u00e2me des peuples. Si elle dispara\u00eet, c\u2019est une partie de notre identit\u00e9 qui s\u2019efface \u00bb, a-t-il averti, appelant \u00e0 une mobilisation des cadres et des chefs traditionnels.<\/p>\n<p>De son c\u00f4t\u00e9, le directeur r\u00e9gional de la Culture et de la Francophonie du B\u00e9lier, Koffi Marck Jolsen, a soulign\u00e9 le r\u00f4le fondamental des arts vivants dans l\u2019\u00e9ducation, la transmission des valeurs et la coh\u00e9sion sociale. Il a rappel\u00e9 que la danse et le th\u00e9\u00e2tre constituent des vecteurs d\u2019expression, d\u2019\u00e9veil citoyen et de paix.<\/p>\n<p>La c\u00e9l\u00e9bration a \u00e9t\u00e9 marqu\u00e9e par des prestations de danses traditionnelles et modernes, des repr\u00e9sentations th\u00e9\u00e2trales ax\u00e9es sur le vivre-ensemble, ainsi que des ateliers de formation portant sur la chor\u00e9graphie et la mise en sc\u00e8ne. Autant d\u2019activit\u00e9s qui ont confirm\u00e9 la vitalit\u00e9 de la sc\u00e8ne culturelle locale et l\u2019int\u00e9r\u00eat croissant des jeunes pour les m\u00e9tiers artistiques.<\/p>\n<p><strong>Harry Diallo, depuis Yamoussoukro<\/strong><\/p>\n<p>&nbsp;<\/p>\n<p>&nbsp;<\/p>\n","protected":false},"excerpt":{"rendered":"<p>\u00c0 l\u2019occasion des Journ\u00e9es internationales combin\u00e9es de la danse et du th\u00e9\u00e2tre, le ministre, gouverneur du District autonome de Yamoussoukro, Augustin Thiam, a annonc\u00e9 la cr\u00e9ation prochaine d\u2019un prix annuel destin\u00e9 \u00e0 distinguer les meilleurs artistes ivoiriens. L\u2019\u00e9v\u00e9nement, co-organis\u00e9 avec la direction r\u00e9gionale de la Culture et de la Francophonie du B\u00e9lier, s\u2019est tenu le [&hellip;]<\/p>\n","protected":false},"author":4,"featured_media":43597,"comment_status":"closed","ping_status":"closed","sticky":false,"template":"","format":"standard","meta":{"_monsterinsights_skip_tracking":false,"_monsterinsights_sitenote_active":false,"_monsterinsights_sitenote_note":"","_monsterinsights_sitenote_category":0,"footnotes":""},"categories":[2,20],"tags":[7875,7876,5908,51],"class_list":["post-43596","post","type-post","status-publish","format-standard","has-post-thumbnail","hentry","category-featured","category-art-et-culture","tag-annuel","tag-les-artistes","tag-un-prix","tag-yamoussoukro"],"_links":{"self":[{"href":"https:\/\/www.lintelligentdabidjan.info\/news\/wp-json\/wp\/v2\/posts\/43596","targetHints":{"allow":["GET"]}}],"collection":[{"href":"https:\/\/www.lintelligentdabidjan.info\/news\/wp-json\/wp\/v2\/posts"}],"about":[{"href":"https:\/\/www.lintelligentdabidjan.info\/news\/wp-json\/wp\/v2\/types\/post"}],"author":[{"embeddable":true,"href":"https:\/\/www.lintelligentdabidjan.info\/news\/wp-json\/wp\/v2\/users\/4"}],"replies":[{"embeddable":true,"href":"https:\/\/www.lintelligentdabidjan.info\/news\/wp-json\/wp\/v2\/comments?post=43596"}],"version-history":[{"count":1,"href":"https:\/\/www.lintelligentdabidjan.info\/news\/wp-json\/wp\/v2\/posts\/43596\/revisions"}],"predecessor-version":[{"id":43598,"href":"https:\/\/www.lintelligentdabidjan.info\/news\/wp-json\/wp\/v2\/posts\/43596\/revisions\/43598"}],"wp:featuredmedia":[{"embeddable":true,"href":"https:\/\/www.lintelligentdabidjan.info\/news\/wp-json\/wp\/v2\/media\/43597"}],"wp:attachment":[{"href":"https:\/\/www.lintelligentdabidjan.info\/news\/wp-json\/wp\/v2\/media?parent=43596"}],"wp:term":[{"taxonomy":"category","embeddable":true,"href":"https:\/\/www.lintelligentdabidjan.info\/news\/wp-json\/wp\/v2\/categories?post=43596"},{"taxonomy":"post_tag","embeddable":true,"href":"https:\/\/www.lintelligentdabidjan.info\/news\/wp-json\/wp\/v2\/tags?post=43596"}],"curies":[{"name":"wp","href":"https:\/\/api.w.org\/{rel}","templated":true}]}}