{"id":4367,"date":"2017-05-27T12:41:50","date_gmt":"2017-05-27T10:41:50","guid":{"rendered":"http:\/\/www.lintelligentdabidjan.info\/news\/?p=4367"},"modified":"2017-05-27T12:41:50","modified_gmt":"2017-05-27T10:41:50","slug":"mobilisation-des-ressources-du-pnia-2-sangafowa-coulibaly-obtient-lengagement-du-nepad-2","status":"publish","type":"post","link":"https:\/\/www.lintelligentdabidjan.info\/news\/mobilisation-des-ressources-du-pnia-2-sangafowa-coulibaly-obtient-lengagement-du-nepad-2\/","title":{"rendered":"Mobilisation des ressources du PNIA 2 : Sangafowa Coulibaly obtient l\u2019engagement du NEPAD"},"content":{"rendered":"<p>Le ministre de l\u2019Agriculture et du D\u00e9veloppement rural, Mamadou Sangafowa Coulibaly \u00e9tait en mission en Afrique du Sud, du 15 au 20 mai 2017. <!--more-->Au cours de son s\u00e9jour, le ministre Sangafowa Coulibaly a eu plusieurs s\u00e9ances de travail avec les personnalit\u00e9s, dont Ibrahim Assane Mayaki, directeur ex\u00e9cutif du Nouveau partenariat pour le d\u00e9veloppement de l\u2019Afrique (NEPAD). Mamadou Sangafowa Coulibaly et Ibrahim Mayaki ont mis leurs \u00e9changes \u00e0 profit pour passer en revue les d\u00e9fis de l\u2019agriculture en Afrique et aborder quelques perspectives en vue de rehausser ce secteur. Il ressort de ces \u00e9changes que le NEPAD mettra \u00e0 disposition du ministre Ivoirien de l&#8217;Agriculture un document de plaidoyer aupr\u00e8s des chefs d&#8217;Etat Africains pour des financements publics plus cons\u00e9quents dans le secteur agricole. Ensuite, il int\u00e9grera et apportera son appui technique et financier \u00e0 l&#8217;initiative pour l&#8217;Adaptation de l&#8217;Agriculture Africaine (AAA) aux changements climatiques. Ibrahim Assane Mayaki a engag\u00e9 son institution \u00e0 apporter \u00e0 la C\u00f4te d&#8217;Ivoire, une assistance technique dans formulation et la mobilisation des ressources du PNIA deuxi\u00e8me g\u00e9n\u00e9ration, dont la table-ronde est pr\u00e9vue en marge du SARA. En plus, le NEPAD a accept\u00e9 de faire partie du partenariat qui lie la C\u00f4te d&#8217;Ivoire \u00e0 chocolatier am\u00e9ricain, pour la conception et la cr\u00e9ation de l&#8217;acad\u00e9mie mondiale du chocolat \u00e0 Abidjan.<br \/>\nOutre les questions li\u00e9es au suivi des d\u00e9cisions de la 29\u00e8me conf\u00e9rence de la FAO, le ministre Sangafowa Coulibaly a d\u00e9fini avec son homologue Sud Africain, les moyens de renforcer la coop\u00e9ration entre les deux pays dans le domaine agricole. Les deux personnalit\u00e9s se sont accord\u00e9 sur le fait que l\u2019Afrique du Sud, puissance agricole africaine et la C\u00f4te d\u2019Ivoire, puissance agricole ouest-africaine, se donnent la main pour rehausser le potentiel du secteur agricole et, \u00e0 terme de parvenir \u00e0 l\u2019autonomisation du continent et \u00e0 une meilleure redistribution de la richesse \u00e0 travers la cha\u00eene de valeur. Pour le mat\u00e9rialiser, un accord de coop\u00e9ration agricole renforc\u00e9 sera sign\u00e9 entre les deux pays en marge du SARA dont l&#8217;Afrique du Sud est le pays \u00e0 l&#8217;honneur. Quatre entreprises sud-africaines \u0153uvrant dans le domaine de l&#8217;agro-industrie b\u00e9n\u00e9ficieront de l&#8217;appui du minist\u00e8re ivoirien de l&#8217;Agriculture pour investir dans la production et la transformation du manioc, de la noix de cajou, des fruits et l\u00e9gumes, des mara\u00eechers et de la mangue. Ce sont au total des milliers d&#8217;hectares et une dizaine d&#8217;unit\u00e9s de transformation primaire pour un investissement priv\u00e9 total de pr\u00e8s 200 milliards de FCFA qui permettront une production additionnelle de 1.000. 000 de tonnes et la cr\u00e9ation de 10. 000 emplois directs, d\u00e8s cette ann\u00e9e et jusqu&#8217;\u00e0 fin 2019. Plus d\u2019une trentaine d&#8217;entreprises ont manifest\u00e9 leur int\u00e9r\u00eat \u00e0 participer au SARA 2017, en vue de rechercher et nouer des partenariats avec leurs homologues Ivoiriens et ceux de la sous r\u00e9gion. La r\u00e9gion du Limpopo, l\u2019une des principales r\u00e9gions agricoles de l\u2019Afrique du Sud sera l&#8217;invit\u00e9e sp\u00e9ciale du ministre Sangafowa Coulibaly.<br \/>\nOD avec sercom MINADER<\/p>\n","protected":false},"excerpt":{"rendered":"<p>Le ministre de l\u2019Agriculture et du D\u00e9veloppement rural, Mamadou Sangafowa Coulibaly \u00e9tait en mission en Afrique du Sud, du 15 au 20 mai 2017.<\/p>\n","protected":false},"author":2,"featured_media":4368,"comment_status":"closed","ping_status":"closed","sticky":false,"template":"","format":"standard","meta":{"footnotes":""},"categories":[2,18],"tags":[],"class_list":["post-4367","post","type-post","status-publish","format-standard","has-post-thumbnail","hentry","category-featured","category-economie"],"_links":{"self":[{"href":"https:\/\/www.lintelligentdabidjan.info\/news\/wp-json\/wp\/v2\/posts\/4367","targetHints":{"allow":["GET"]}}],"collection":[{"href":"https:\/\/www.lintelligentdabidjan.info\/news\/wp-json\/wp\/v2\/posts"}],"about":[{"href":"https:\/\/www.lintelligentdabidjan.info\/news\/wp-json\/wp\/v2\/types\/post"}],"author":[{"embeddable":true,"href":"https:\/\/www.lintelligentdabidjan.info\/news\/wp-json\/wp\/v2\/users\/2"}],"replies":[{"embeddable":true,"href":"https:\/\/www.lintelligentdabidjan.info\/news\/wp-json\/wp\/v2\/comments?post=4367"}],"version-history":[{"count":1,"href":"https:\/\/www.lintelligentdabidjan.info\/news\/wp-json\/wp\/v2\/posts\/4367\/revisions"}],"predecessor-version":[{"id":4369,"href":"https:\/\/www.lintelligentdabidjan.info\/news\/wp-json\/wp\/v2\/posts\/4367\/revisions\/4369"}],"wp:featuredmedia":[{"embeddable":true,"href":"https:\/\/www.lintelligentdabidjan.info\/news\/wp-json\/wp\/v2\/media\/4368"}],"wp:attachment":[{"href":"https:\/\/www.lintelligentdabidjan.info\/news\/wp-json\/wp\/v2\/media?parent=4367"}],"wp:term":[{"taxonomy":"category","embeddable":true,"href":"https:\/\/www.lintelligentdabidjan.info\/news\/wp-json\/wp\/v2\/categories?post=4367"},{"taxonomy":"post_tag","embeddable":true,"href":"https:\/\/www.lintelligentdabidjan.info\/news\/wp-json\/wp\/v2\/tags?post=4367"}],"curies":[{"name":"wp","href":"https:\/\/api.w.org\/{rel}","templated":true}]}}