{"id":43732,"date":"2026-05-08T23:35:40","date_gmt":"2026-05-08T21:35:40","guid":{"rendered":"https:\/\/www.lintelligentdabidjan.info\/news\/?p=43732"},"modified":"2026-05-09T01:15:17","modified_gmt":"2026-05-08T23:15:17","slug":"mutuelle-business-connect-2026-un-nouvel-elan-pour-les-mutuelles-en-cote-divoire","status":"publish","type":"post","link":"https:\/\/www.lintelligentdabidjan.info\/news\/mutuelle-business-connect-2026-un-nouvel-elan-pour-les-mutuelles-en-cote-divoire\/","title":{"rendered":"\u00a0Mutuelle Business Connect 2026:   Un nouvel \u00e9lan pour les mutuelles en C\u00f4te d\u2019Ivoire"},"content":{"rendered":"<div><strong>Les 29 et 30 mai 2026, l\u2019espace CRRAE-UMOA \u00e0 Abidjan-Plateau accueillera la premi\u00e8re \u00e9dition du Mutuelle Business Connect (MBC Connect 2026), un rendez-vous d\u00e9di\u00e9 aux mutuelles d\u2019entreprise et aux groupements organis\u00e9s en C\u00f4te d\u2019Ivoire. L\u2019annonce a \u00e9t\u00e9 faite le 6 mai 2026 lors d\u2019une conf\u00e9rence de presse \u00e0 Abidjan-Plateau.<\/strong><\/div>\n<div><\/div>\n<div>Initi\u00e9e par Guedro Gbeuli avec Armanda Kouma \u00e0 la pr\u00e9sidence du comit\u00e9 d\u2019organisation, cette rencontre aura pour th\u00e8me : \u00ab Quelles opportunit\u00e9s \u00e9conomiques et sociales pour les mutuelles en 2026 ? \u00bb. Les organisateurs ont indiqu\u00e9 que l\u2019objectif est de rapprocher les mutuelles des entreprises, institutions financi\u00e8res et prestataires de services afin de favoriser des partenariats concrets.<\/div>\n<div><\/div>\n<div>Selon Guedro Gbeuli, malgr\u00e9 leur r\u00f4le important dans la solidarit\u00e9 sociale et l\u2019accompagnement des travailleurs, plusieurs mutuelles restent confront\u00e9es \u00e0 des difficult\u00e9s telles que le manque de partenaires fiables, la faible structuration des besoins et la sous-exploitation des opportunit\u00e9s \u00e9conomiques.<\/div>\n<div><\/div>\n<div>Plus de 300 mutuelles d\u2019entreprise sont attendues \u00e0 cette premi\u00e8re \u00e9dition, aux c\u00f4t\u00e9s d\u2019acteurs de la banque, de l\u2019assurance, du financement et de l\u2019innovation. Les organisateurs ont annonc\u00e9 un format s\u00e9lectif destin\u00e9 \u00e0 garantir la qualit\u00e9 des \u00e9changes.<\/div>\n<div><\/div>\n<div>Le programme pr\u00e9voit des panels, ateliers, tables rondes et rencontres business autour de plusieurs espaces strat\u00e9giques. Des outils comme les Pitch Business, les Pitchs Vid\u00e9o et un catalogue des besoins et offres permettront \u00e9galement de faciliter les collaborations.<\/div>\n<div><\/div>\n<div>Les initiateurs estiment que le MBC Connect 2026 contribuera \u00e0 am\u00e9liorer la gouvernance des mutuelles, \u00e0 professionnaliser les acteurs du secteur et \u00e0 renforcer leur impact social. Inscrite dans la dynamique de la Plateforme des Mutuelles Interconnect\u00e9es (PMI), cette initiative entend poser les bases d\u2019une nouvelle dynamique \u00e9conomique et sociale en C\u00f4te d\u2019Ivoire.<\/div>\n<div><\/div>\n<div><strong>Olivier Dion avec G\u00e9rard Batoua<\/strong><\/div>\n<div><\/div>\n<div><\/div>\n","protected":false},"excerpt":{"rendered":"<p>Les 29 et 30 mai 2026, l\u2019espace CRRAE-UMOA \u00e0 Abidjan-Plateau accueillera la premi\u00e8re \u00e9dition du Mutuelle Business Connect (MBC Connect 2026), un rendez-vous d\u00e9di\u00e9 aux mutuelles d\u2019entreprise et aux groupements organis\u00e9s en C\u00f4te d\u2019Ivoire. L\u2019annonce a \u00e9t\u00e9 faite le 6 mai 2026 lors d\u2019une conf\u00e9rence de presse \u00e0 Abidjan-Plateau. Initi\u00e9e par Guedro Gbeuli avec Armanda [&hellip;]<\/p>\n","protected":false},"author":4,"featured_media":43747,"comment_status":"closed","ping_status":"closed","sticky":false,"template":"","format":"standard","meta":{"footnotes":""},"categories":[2,3],"tags":[77,7970,7968,7969],"class_list":["post-43732","post","type-post","status-publish","format-standard","has-post-thumbnail","hentry","category-featured","category-societe","tag-cote-divoire","tag-les-mutuelles","tag-mutuelle-business-connect-2026","tag-un-nouvel-elan"],"_links":{"self":[{"href":"https:\/\/www.lintelligentdabidjan.info\/news\/wp-json\/wp\/v2\/posts\/43732","targetHints":{"allow":["GET"]}}],"collection":[{"href":"https:\/\/www.lintelligentdabidjan.info\/news\/wp-json\/wp\/v2\/posts"}],"about":[{"href":"https:\/\/www.lintelligentdabidjan.info\/news\/wp-json\/wp\/v2\/types\/post"}],"author":[{"embeddable":true,"href":"https:\/\/www.lintelligentdabidjan.info\/news\/wp-json\/wp\/v2\/users\/4"}],"replies":[{"embeddable":true,"href":"https:\/\/www.lintelligentdabidjan.info\/news\/wp-json\/wp\/v2\/comments?post=43732"}],"version-history":[{"count":2,"href":"https:\/\/www.lintelligentdabidjan.info\/news\/wp-json\/wp\/v2\/posts\/43732\/revisions"}],"predecessor-version":[{"id":43749,"href":"https:\/\/www.lintelligentdabidjan.info\/news\/wp-json\/wp\/v2\/posts\/43732\/revisions\/43749"}],"wp:featuredmedia":[{"embeddable":true,"href":"https:\/\/www.lintelligentdabidjan.info\/news\/wp-json\/wp\/v2\/media\/43747"}],"wp:attachment":[{"href":"https:\/\/www.lintelligentdabidjan.info\/news\/wp-json\/wp\/v2\/media?parent=43732"}],"wp:term":[{"taxonomy":"category","embeddable":true,"href":"https:\/\/www.lintelligentdabidjan.info\/news\/wp-json\/wp\/v2\/categories?post=43732"},{"taxonomy":"post_tag","embeddable":true,"href":"https:\/\/www.lintelligentdabidjan.info\/news\/wp-json\/wp\/v2\/tags?post=43732"}],"curies":[{"name":"wp","href":"https:\/\/api.w.org\/{rel}","templated":true}]}}