{"id":43805,"date":"2026-05-13T09:19:02","date_gmt":"2026-05-13T07:19:02","guid":{"rendered":"https:\/\/www.lintelligentdabidjan.info\/news\/?p=43805"},"modified":"2026-05-13T09:19:02","modified_gmt":"2026-05-13T07:19:02","slug":"pole-penal-economique-et-financierune-affaire-de-succession-ouverte-en-2011-devant-le-tribunal","status":"publish","type":"post","link":"https:\/\/www.lintelligentdabidjan.info\/news\/pole-penal-economique-et-financierune-affaire-de-succession-ouverte-en-2011-devant-le-tribunal\/","title":{"rendered":"P\u00f4le p\u00e9nal \u00e9conomique et financier:Une affaire de succession ouverte en 2011 devant le tribunal"},"content":{"rendered":"<div><strong>Une affaire li\u00e9e \u00e0 la succession de deux figures embl\u00e9matiques du secteur des transports en C\u00f4te d\u2019Ivoire, feu El Hadj Nifa Diaby et El Hadj Kassoum Coulibaly, est examin\u00e9e devant le Tribunal correctionnel du P\u00f4le p\u00e9nal \u00e9conomique et financier (PPEF).<\/strong><\/div>\n<div><\/div>\n<div>D\u00e9c\u00e9d\u00e9s respectivement en 1988 et 2009, les successions de Nifa Diaby et Kassoum Coulibaly ont \u00e9t\u00e9 ouvertes en 2011 en vue du partage des actions d\u00e9tenues dans la soci\u00e9t\u00e9 Star Auto. Toutefois, le processus a suscit\u00e9 des contestations, notamment de la part des ayants droit de Kassoum Coulibaly, d\u00e9tenteur d\u2019environ 80 % des parts, qui s\u2019estiment l\u00e9s\u00e9s.<\/div>\n<div><\/div>\n<div>Depuis 2025, plusieurs h\u00e9ritiers de la famille de Nifa Diaby sont poursuivis pour des faits pr\u00e9sum\u00e9s de faux et usage de faux en \u00e9criture priv\u00e9e de banque ou de commerce, ainsi que pour abus de biens sociaux.<\/div>\n<div><\/div>\n<div>\u00c0 l\u2019audience du mardi 12 mai 2026, la pr\u00e9sidente du tribunal a rappel\u00e9 \u00e0 Mamadou Benogo D., l\u2019un des pr\u00e9venus, les faits qui lui sont reproch\u00e9s, en lien avec une assembl\u00e9e g\u00e9n\u00e9rale extraordinaire tenue le 4 novembre 2011, consacr\u00e9e au partage des actions de feu Kassoum Coulibaly.<\/div>\n<div><\/div>\n<div>\u00c0 la barre, le mis en cause a contest\u00e9 toute implication : \u00ab Je ne sais pas pourquoi mon nom figure dans cette affaire. Je n\u2019ai jamais particip\u00e9 \u00e0 une assembl\u00e9e g\u00e9n\u00e9rale et je n\u2019ai aucune connaissance des questions de succession \u00bb, a-t-il d\u00e9clar\u00e9, pr\u00e9cisant que ces d\u00e9marches avaient \u00e9t\u00e9 confi\u00e9es \u00e0 un notaire apr\u00e8s le d\u00e9c\u00e8s de son p\u00e8re.<\/div>\n<div><\/div>\n<div>Un autre pr\u00e9venu, Guy-Roland O., a sollicit\u00e9 \u00e0 \u00eatre entendu en pr\u00e9sence de son conseil. Son avocat \u00e9tant arriv\u00e9 apr\u00e8s l\u2019appel de l\u2019affaire, le tribunal a d\u00e9cid\u00e9 de renvoyer le dossier au 26 mai 2026 pour la poursuite des d\u00e9bats, les r\u00e9quisitions du parquet et les plaidoiries de la d\u00e9fense.<\/div>\n<div><\/div>\n<div>Les autres affaires inscrites au r\u00f4le ont \u00e9galement \u00e9t\u00e9 renvoy\u00e9es.<\/div>\n<div><\/div>\n<div><\/div>\n<div><\/div>\n<div><strong>Olivier Dion<\/strong><\/div>\n<div><\/div>\n<div><\/div>\n","protected":false},"excerpt":{"rendered":"<p>Une affaire li\u00e9e \u00e0 la succession de deux figures embl\u00e9matiques du secteur des transports en C\u00f4te d\u2019Ivoire, feu El Hadj Nifa Diaby et El Hadj Kassoum Coulibaly, est examin\u00e9e devant le Tribunal correctionnel du P\u00f4le p\u00e9nal \u00e9conomique et financier (PPEF). D\u00e9c\u00e9d\u00e9s respectivement en 1988 et 2009, les successions de Nifa Diaby et Kassoum Coulibaly ont [&hellip;]<\/p>\n","protected":false},"author":4,"featured_media":43530,"comment_status":"closed","ping_status":"closed","sticky":false,"template":"","format":"standard","meta":{"footnotes":""},"categories":[2,3],"tags":[8008,5648,8007],"class_list":["post-43805","post","type-post","status-publish","format-standard","has-post-thumbnail","hentry","category-featured","category-societe","tag-le-tribunal","tag-pole-penal-economique-et-financier","tag-une-affaire-de-succession"],"_links":{"self":[{"href":"https:\/\/www.lintelligentdabidjan.info\/news\/wp-json\/wp\/v2\/posts\/43805","targetHints":{"allow":["GET"]}}],"collection":[{"href":"https:\/\/www.lintelligentdabidjan.info\/news\/wp-json\/wp\/v2\/posts"}],"about":[{"href":"https:\/\/www.lintelligentdabidjan.info\/news\/wp-json\/wp\/v2\/types\/post"}],"author":[{"embeddable":true,"href":"https:\/\/www.lintelligentdabidjan.info\/news\/wp-json\/wp\/v2\/users\/4"}],"replies":[{"embeddable":true,"href":"https:\/\/www.lintelligentdabidjan.info\/news\/wp-json\/wp\/v2\/comments?post=43805"}],"version-history":[{"count":1,"href":"https:\/\/www.lintelligentdabidjan.info\/news\/wp-json\/wp\/v2\/posts\/43805\/revisions"}],"predecessor-version":[{"id":43806,"href":"https:\/\/www.lintelligentdabidjan.info\/news\/wp-json\/wp\/v2\/posts\/43805\/revisions\/43806"}],"wp:featuredmedia":[{"embeddable":true,"href":"https:\/\/www.lintelligentdabidjan.info\/news\/wp-json\/wp\/v2\/media\/43530"}],"wp:attachment":[{"href":"https:\/\/www.lintelligentdabidjan.info\/news\/wp-json\/wp\/v2\/media?parent=43805"}],"wp:term":[{"taxonomy":"category","embeddable":true,"href":"https:\/\/www.lintelligentdabidjan.info\/news\/wp-json\/wp\/v2\/categories?post=43805"},{"taxonomy":"post_tag","embeddable":true,"href":"https:\/\/www.lintelligentdabidjan.info\/news\/wp-json\/wp\/v2\/tags?post=43805"}],"curies":[{"name":"wp","href":"https:\/\/api.w.org\/{rel}","templated":true}]}}