{"id":4382,"date":"2017-05-27T15:21:14","date_gmt":"2017-05-27T13:21:14","guid":{"rendered":"http:\/\/www.lintelligentdabidjan.info\/news\/?p=4382"},"modified":"2017-05-28T20:44:03","modified_gmt":"2017-05-28T18:44:03","slug":"augustin-thiam-ca-choque-quon-puisse-parler-de-la-succession-de-quelquun-qui-est-encore-la-cote-divoire-alternance-2020","status":"publish","type":"post","link":"https:\/\/www.lintelligentdabidjan.info\/news\/augustin-thiam-ca-choque-quon-puisse-parler-de-la-succession-de-quelquun-qui-est-encore-la-cote-divoire-alternance-2020\/","title":{"rendered":"Augustin Thiam : &#8220;\u00c7a choque qu\u2019on puisse parler de la succession de quelqu\u2019un qui est encore l\u00e0&#8221; (C\u00f4te d&#8217;Ivoire-Alternance 2020)"},"content":{"rendered":"<div id=\"yui_3_16_0_ym19_1_1495877572515_83219\" dir=\"ltr\">Sauf changement de date de derni\u00e8re minute, des cadres et \u00e9lus du grand centre Baoul\u00e9 de la C\u00f4te d\u2019Ivoire seront en attraction le 10 Juin 2017, \u00e0 la mythique place Jean-Paul II de la commune de la capitale politique\u00a0 et administrative ivoirienne, pour apporter leur soutien au Pr\u00e9sident de la R\u00e9publique SEM. Alassane Ouattara, au Pr\u00e9sident du Pdci-Rda mais surtout donner leur position, vis-\u00e0 \u2013vis\u00a0 au d\u00e9bat sur la succession du Pr\u00e9sident Ouattara, en 2020.<\/div>\n<p><!--more--><\/p>\n<div id=\"yui_3_16_0_ym19_1_1495877572515_84941\" dir=\"ltr\">L\u2019annonce de cette nouvelle a \u00e9t\u00e9 faite hier vendredi 26 Mai 2017 par le Dr Augustin Thiam, gouverneur du District Autonome de Yamoussoukro, lors d\u2019une c\u00e9r\u00e9monie de remise de vivres \u00e0 la communaut\u00e9 musulmane de la grande mosqu\u00e9e centrale de la paix de Yamoussoukro.<\/div>\n<div dir=\"ltr\"><\/div>\n<div id=\"yui_3_16_0_ym19_1_1495877572515_84943\" dir=\"ltr\">Selon Dr Augustin Thiam, ce gigantesque rassemblement des fils et filles du grand \u00ab V \u00bb Baoul\u00e9 ne sera ni une foire aux injures, ni une occasion de critiquer les autres.<\/div>\n<div dir=\"ltr\"><\/div>\n<div id=\"yui_3_16_0_ym19_1_1495877572515_83220\" dir=\"ltr\">\u00ab Il y&#8217;a des gens qui parlent de 2020, il y&#8217;a d\u2019autres que \u00e7a choque qu\u2019on puisse parler de la succession de quelqu\u2019un qui est encore l\u00e0. Et nous faisons partir de quelques un que \u00e7a choque. (\u2026) Donc, mon grand fr\u00e8re, le premier ministre Me Jeannot Ahoussou Kouadio, moi-m\u00eame et bien d\u2019autres, nous avons d\u00e9cid\u00e9 que le 10 juin 2017 , nous allons faire une manifestation ici \u00e0 Yamoussoukro, \u00e0 la place Jean-Paul II, pour dire \u00e0 SEM. Alassane Ouattara que nous on est derri\u00e8re lui. Et 2020, peut-\u00eatre ceux qui sont camarades de Dieu qui savent qu\u2019ils seront vivant, qu\u2019ils parlent de \u00e7a. \u00bb, a pr\u00e9cis\u00e9 le gouverneur Thiam qui a poursuivi : \u00ab Nous voulons lui exprimer que nous, nous sommes contents qu\u2019il soit l\u00e0. Nous voulons qu\u2019il termine son mandat tranquillement. Et nous prions qu\u2019il ait la sant\u00e9 et la force pour nous guider jusqu\u2019au terme de son mandat. Parce qu\u2019il y&#8217;a des gens qui se plaignent de ce qui n\u2019a pas \u00e9t\u00e9 fait. Mais nous, nous faisons partir de ceux qui ont \u00e9t\u00e9 contents de ce qui a \u00e9t\u00e9 fait. Et en fonction de ce qui a \u00e9t\u00e9 fait, nous lui souhaitons longue vie\u00a0 pour continuer et terminer son travail tranquillement. Pour cela, il faut que la place Jean-Paul II soit noire de monde. Que chacun d\u2019entre vous soit le porte-parole de ce message l\u00e0. On ne va pas pour insulter quelqu\u2019un ni critiquer. C\u2019est pour simplement dire au pr\u00e9sident Alassane Ouattara : &#8221; nous l\u00e0 on t\u2019aime. On est derri\u00e8re toi. Fais ton travail tranquillement jusqu\u2019au terme du mandat. Eux leur probl\u00e8me, c\u2019est 2020. Nous notre probl\u00e8me c\u2019est aujourd\u2019hui jusqu\u2019en 2020&#8243; \u00bb.<\/div>\n<div id=\"yui_3_16_0_ym19_1_1495877572515_84947\" dir=\"ltr\"><\/div>\n<div id=\"yui_3_16_0_ym19_1_1495877572515_83278\" dir=\"ltr\">Harry Diallo \u00e0 Yamoussoukro<\/div>\n<div class=\"fb-comments\" data-width=\"728\" data-numposts=\"50\"><\/div>\n","protected":false},"excerpt":{"rendered":"<p>Sauf changement de date de derni\u00e8re minute, des cadres et \u00e9lus du grand centre Baoul\u00e9 de la C\u00f4te d\u2019Ivoire seront en attraction le 10 Juin 2017, \u00e0 la mythique place Jean-Paul II de la commune de la capitale politique\u00a0 et administrative ivoirienne, pour apporter leur soutien au Pr\u00e9sident de la R\u00e9publique SEM. Alassane Ouattara, au [&hellip;]<\/p>\n","protected":false},"author":2,"featured_media":4383,"comment_status":"closed","ping_status":"closed","sticky":false,"template":"","format":"standard","meta":{"_monsterinsights_skip_tracking":false,"_monsterinsights_sitenote_active":false,"_monsterinsights_sitenote_note":"","_monsterinsights_sitenote_category":0,"footnotes":""},"categories":[2,17],"tags":[39,98,97,51],"class_list":["post-4382","post","type-post","status-publish","format-standard","has-post-thumbnail","hentry","category-featured","category-politique","tag-alassane-ouattara","tag-alternance-2020","tag-augustin-thiam","tag-yamoussoukro"],"_links":{"self":[{"href":"https:\/\/www.lintelligentdabidjan.info\/news\/wp-json\/wp\/v2\/posts\/4382","targetHints":{"allow":["GET"]}}],"collection":[{"href":"https:\/\/www.lintelligentdabidjan.info\/news\/wp-json\/wp\/v2\/posts"}],"about":[{"href":"https:\/\/www.lintelligentdabidjan.info\/news\/wp-json\/wp\/v2\/types\/post"}],"author":[{"embeddable":true,"href":"https:\/\/www.lintelligentdabidjan.info\/news\/wp-json\/wp\/v2\/users\/2"}],"replies":[{"embeddable":true,"href":"https:\/\/www.lintelligentdabidjan.info\/news\/wp-json\/wp\/v2\/comments?post=4382"}],"version-history":[{"count":2,"href":"https:\/\/www.lintelligentdabidjan.info\/news\/wp-json\/wp\/v2\/posts\/4382\/revisions"}],"predecessor-version":[{"id":4394,"href":"https:\/\/www.lintelligentdabidjan.info\/news\/wp-json\/wp\/v2\/posts\/4382\/revisions\/4394"}],"wp:featuredmedia":[{"embeddable":true,"href":"https:\/\/www.lintelligentdabidjan.info\/news\/wp-json\/wp\/v2\/media\/4383"}],"wp:attachment":[{"href":"https:\/\/www.lintelligentdabidjan.info\/news\/wp-json\/wp\/v2\/media?parent=4382"}],"wp:term":[{"taxonomy":"category","embeddable":true,"href":"https:\/\/www.lintelligentdabidjan.info\/news\/wp-json\/wp\/v2\/categories?post=4382"},{"taxonomy":"post_tag","embeddable":true,"href":"https:\/\/www.lintelligentdabidjan.info\/news\/wp-json\/wp\/v2\/tags?post=4382"}],"curies":[{"name":"wp","href":"https:\/\/api.w.org\/{rel}","templated":true}]}}