{"id":43837,"date":"2026-05-14T21:42:58","date_gmt":"2026-05-14T19:42:58","guid":{"rendered":"https:\/\/www.lintelligentdabidjan.info\/news\/?p=43837"},"modified":"2026-05-14T21:42:58","modified_gmt":"2026-05-14T19:42:58","slug":"crise-au-cno-civ-vremen-serge-denonce-une-violation-des-textes-et-interpelle-le-mouvement-olympique-ivoirien","status":"publish","type":"post","link":"https:\/\/www.lintelligentdabidjan.info\/news\/crise-au-cno-civ-vremen-serge-denonce-une-violation-des-textes-et-interpelle-le-mouvement-olympique-ivoirien\/","title":{"rendered":"Crise au CNO-CIV : Vremen Serge d\u00e9nonce une \u00ab violation des textes \u00bb et interpelle le mouvement olympique ivoirien"},"content":{"rendered":"<div><strong>Le pr\u00e9sident de la F\u00e9d\u00e9ration ivoirienne de natation et de sauvetage ( FINS), Vremen Serge Yvon, a d\u00e9nonc\u00e9 le mardi 12 mai 2026\u00a0 \u00e0 Treichville une \u00ab crise grave \u00bb au sein du Comit\u00e9 national olympique de C\u00f4te d\u2019Ivoire CNO-CIV. Il a point\u00e9 du doigt le comit\u00e9 ex\u00e9cutif du CNO-CIV\u00a0 de \u00ab violations r\u00e9p\u00e9t\u00e9es des textes \u00bb et de d\u00e9cisions susceptibles, selon lui, de fragiliser la participation ivoirienne aux prochaines \u00e9ch\u00e9ances olympiques.<\/strong><\/div>\n<div><\/div>\n<div>S\u2019exprimant au cours d\u2019une conf\u00e9rence de presse entour\u00e9 de plusieurs pr\u00e9sidents de f\u00e9d\u00e9rations sportives Vremen Serge a affirm\u00e9 vouloir \u00ab r\u00e9tablir les faits \u00bb apr\u00e8s le report de l\u2019assembl\u00e9e g\u00e9n\u00e9rale \u00e9lective du CNO-CIV initialement pr\u00e9vue le 2 mai 2026.<\/div>\n<div><\/div>\n<div>Selon lui, cette situation r\u00e9sulte d\u2019\u00ab un imbroglio volontairement cr\u00e9\u00e9 et aliment\u00e9 depuis plus de deux ans \u00bb. Il a notamment cit\u00e9 le communiqu\u00e9 publi\u00e9 le 4 mai 2026 par le CNO-CIV, qu\u2019il juge \u00ab contraire \u00e0 l\u2019esprit olympique \u00bb et remettant en cause, selon ses propos, les conclusions du minist\u00e8re des Sports ainsi qu\u2019une d\u00e9cision judiciaire ordonnant la r\u00e9int\u00e9gration de membres actifs du comit\u00e9 olympique.<\/div>\n<div><\/div>\n<div>Le pr\u00e9sident de la F\u00e9d\u00e9ration de natation a soutenu que le mandat du pr\u00e9sident du CNO-CIV, \u00e9lu le 30 avril 2022, avait expir\u00e9 le 30 avril 2026 conform\u00e9ment \u00e0 la Charte olympique qui fixe \u00e0 quatre ans la dur\u00e9e maximale du mandat des dirigeants des comit\u00e9s nationaux olympiques.<\/div>\n<div><\/div>\n<div>\u00ab Nous ne sommes pas dans une affaire personnelle. Nous sommes dans l\u2019application stricte des textes \u00bb, a-t-il d\u00e9clar\u00e9. Il a\u00a0 estim\u00e9 qu\u2019une assembl\u00e9e g\u00e9n\u00e9rale \u00e9lective devait imp\u00e9rativement \u00eatre organis\u00e9e pour d\u00e9signer le nouveau comit\u00e9 ex\u00e9cutif du CNO-CIV.<\/div>\n<div><\/div>\n<div>Au centre du diff\u00e9rend figure la non-convocation de la F\u00e9d\u00e9ration ivoirienne de natation et de sauvetage \u00e0 l\u2019assembl\u00e9e g\u00e9n\u00e9rale \u00e9lective du 2 mai 2026. La Commission \u00e9lectorale ind\u00e9pendante du CNO-CIV (CEI-CNO) avait justifi\u00e9 cette d\u00e9cision par l\u2019existence d\u2019une \u00ab dualit\u00e9 \u00bb \u00e0 la t\u00eate de la f\u00e9d\u00e9ration.<\/div>\n<div><\/div>\n<div>Une position rejet\u00e9e par Vremen Serge Yvon, qui affirme avoir \u00e9t\u00e9 r\u00e9guli\u00e8rement \u00e9lu lors de l\u2019assembl\u00e9e g\u00e9n\u00e9rale \u00e9lective du 7 octobre 2023 en pr\u00e9sence du CNO-CIV. Il soutient \u00e9galement que la f\u00e9d\u00e9ration internationale World Aquatics a officiellement confirm\u00e9, le 3 f\u00e9vrier 2026, sa reconnaissance ainsi que celle de l\u2019instance f\u00e9d\u00e9rale ivoirienne qu\u2019il dirige.<\/div>\n<div><\/div>\n<div>S\u2019appuyant sur plusieurs articles des statuts du CNO-CIV, il a estim\u00e9 que la f\u00e9d\u00e9ration de natation, reconnue comme membre actif, ne pouvait \u00eatre exclue du processus \u00e9lectoral sans d\u00e9cision formelle de suspension ou d\u2019exclusion.<\/div>\n<div><\/div>\n<div>Vremen Serge\u00a0 a \u00e9galement d\u00e9nonc\u00e9 ce qu\u2019il consid\u00e8re comme une \u00ab incoh\u00e9rence \u00bb du comit\u00e9 ex\u00e9cutif du CNO-CIV. Il a notamment relev\u00e9 que deux repr\u00e9sentants de la commission des athl\u00e8tes, dont les mandats auraient expir\u00e9 depuis 2020 selon lui, figuraient n\u00e9anmoins sur la liste \u00e9lectorale du comit\u00e9 olympique.<\/div>\n<div><\/div>\n<div>Au-del\u00e0 du diff\u00e9rend institutionnel, Vremen Serge Yvon a \u00e9voqu\u00e9 les cons\u00e9quences sportives de cette crise. Il a rappel\u00e9 que, selon lui, deux nageurs ivoiriens n\u2019avaient pas \u00e9t\u00e9 inscrits aux Jeux olympiques de Paris 2024 malgr\u00e9 l\u2019attribution de places universelles par le Comit\u00e9 international olympique.<\/div>\n<div><\/div>\n<div>Le pr\u00e9sident de la f\u00e9d\u00e9ration de natation a enfin appel\u00e9 les autorit\u00e9s sportives ivoiriennes \u00e0 veiller au respect des textes et des principes de gouvernance.<\/div>\n<div><\/div>\n<div>\u00ab Le mouvement olympique repose avant tout sur la fraternit\u00e9 et le respect des r\u00e8gles \u00bb, a-t-il conclu, estimant que cette crise d\u00e9passe d\u00e9sormais le simple cadre d\u2019un litige sportif interne.<\/div>\n<div><\/div>\n<div><strong>Ange Kouadio\u00a0<\/strong><\/div>\n<div><\/div>\n<div><\/div>\n<div><\/div>\n","protected":false},"excerpt":{"rendered":"<p>Le pr\u00e9sident de la F\u00e9d\u00e9ration ivoirienne de natation et de sauvetage ( FINS), Vremen Serge Yvon, a d\u00e9nonc\u00e9 le mardi 12 mai 2026\u00a0 \u00e0 Treichville une \u00ab crise grave \u00bb au sein du Comit\u00e9 national olympique de C\u00f4te d\u2019Ivoire CNO-CIV. Il a point\u00e9 du doigt le comit\u00e9 ex\u00e9cutif du CNO-CIV\u00a0 de \u00ab violations r\u00e9p\u00e9t\u00e9es des [&hellip;]<\/p>\n","protected":false},"author":4,"featured_media":43838,"comment_status":"closed","ping_status":"closed","sticky":false,"template":"","format":"standard","meta":{"footnotes":""},"categories":[2,3],"tags":[7336,7841,8027,8028,8026,8025],"class_list":["post-43837","post","type-post","status-publish","format-standard","has-post-thumbnail","hentry","category-featured","category-societe","tag-cno-civ","tag-crise","tag-interpelle","tag-mouvement-olympique-ivoirien","tag-violation-des-textes","tag-vremen-serge"],"_links":{"self":[{"href":"https:\/\/www.lintelligentdabidjan.info\/news\/wp-json\/wp\/v2\/posts\/43837","targetHints":{"allow":["GET"]}}],"collection":[{"href":"https:\/\/www.lintelligentdabidjan.info\/news\/wp-json\/wp\/v2\/posts"}],"about":[{"href":"https:\/\/www.lintelligentdabidjan.info\/news\/wp-json\/wp\/v2\/types\/post"}],"author":[{"embeddable":true,"href":"https:\/\/www.lintelligentdabidjan.info\/news\/wp-json\/wp\/v2\/users\/4"}],"replies":[{"embeddable":true,"href":"https:\/\/www.lintelligentdabidjan.info\/news\/wp-json\/wp\/v2\/comments?post=43837"}],"version-history":[{"count":1,"href":"https:\/\/www.lintelligentdabidjan.info\/news\/wp-json\/wp\/v2\/posts\/43837\/revisions"}],"predecessor-version":[{"id":43839,"href":"https:\/\/www.lintelligentdabidjan.info\/news\/wp-json\/wp\/v2\/posts\/43837\/revisions\/43839"}],"wp:featuredmedia":[{"embeddable":true,"href":"https:\/\/www.lintelligentdabidjan.info\/news\/wp-json\/wp\/v2\/media\/43838"}],"wp:attachment":[{"href":"https:\/\/www.lintelligentdabidjan.info\/news\/wp-json\/wp\/v2\/media?parent=43837"}],"wp:term":[{"taxonomy":"category","embeddable":true,"href":"https:\/\/www.lintelligentdabidjan.info\/news\/wp-json\/wp\/v2\/categories?post=43837"},{"taxonomy":"post_tag","embeddable":true,"href":"https:\/\/www.lintelligentdabidjan.info\/news\/wp-json\/wp\/v2\/tags?post=43837"}],"curies":[{"name":"wp","href":"https:\/\/api.w.org\/{rel}","templated":true}]}}