{"id":44010,"date":"2026-05-26T08:15:23","date_gmt":"2026-05-26T06:15:23","guid":{"rendered":"https:\/\/www.lintelligentdabidjan.info\/news\/?p=44010"},"modified":"2026-05-26T08:15:40","modified_gmt":"2026-05-26T06:15:40","slug":"faye-sonko-du-duo-au-duel","status":"publish","type":"post","link":"https:\/\/www.lintelligentdabidjan.info\/news\/faye-sonko-du-duo-au-duel\/","title":{"rendered":"FAYE-SONKO : DU DUO AU DUEL"},"content":{"rendered":"<p><strong>Le vendredi 23 mai 2026, comme un p\u00e9tard dont on s\u2019attendait depuis longtemps \u00e0 la d\u00e9tonation, un communiqu\u00e9 de la pr\u00e9sidence de la R\u00e9publique du S\u00e9n\u00e9gal est venu mettre fin \u00e0 la fonction de premier qu\u2019occupait Ousmane Sanko. Ce duo Faye-Sonko qui a fait r\u00eaver la jeunesse s\u00e9n\u00e9galaise et africaine a fini par se transformer en un duel au sommet de l\u2019\u00c9tat s\u00e9n\u00e9galais, confirmant l\u2019adage qui dit qu\u2019il n\u2019y a pas deux capitaines dans un bateau.<\/strong><\/p>\n<p>De fait, de deux choses, soit Ousmane Sanko d\u00e9missionnait, soit il \u00e9tait d\u00e9mis. Comme le premier ministre ne voulait pas franchir le pas, c\u2019est le deuxi\u00e8me sc\u00e9nario qui a fini par se produire. Quand on voit le communiqu\u00e9 qu\u2019il a pondu et le bain de foule qu\u2019il s\u2019est donn\u00e9 devant son domicile avec ses partisans venus lui t\u00e9moigner leur attachement, juste apr\u00e8s son limogeage, on peut affirmer qu\u2019il a eu ce qu\u2019il souhaitait. Pousser Diomaye \u00e0 la faute et apparaitre comme un martyre trahi par un compagnon de lutte.<\/p>\n<p>Au-del\u00e0 de cette premi\u00e8re impression qui rel\u00e8ve de l\u2019aspect \u00e9motionnel, cette s\u00e9quence illustre aussi parfaitement la nature des deux personnages \u00e0 la t\u00eate de l\u2019ex\u00e9cutif s\u00e9n\u00e9galais. Dioamye Faye est un animal politique froid, attentiste, calculateur qui veut incarner l\u2019image d\u2019un personnage sage et m\u00fbr, qui sait assumer ses responsabilit\u00e9s et qui veut rassurer \u00e0 son poste. \u00c0 contrario, Ousmane Sonko s\u2019affiche comme une figure politique extraverti, populiste qui va au contact et au combat et qui veut exercer sans complexe le pouvoir d\u2019\u00c9tat.<\/p>\n<p>Par ailleurs, cette fracture entre ces deux hommes politiques auparavant \u00ab\u00a0inconditionnels et fr\u00e8res\u00a0\u00bb laisse comprendre que la gestion du pouvoir d\u2019\u00c9tat est loin d\u2019\u00eatre une affaire d\u2019amiti\u00e9 et d\u2019accointance. C\u2019est pourquoi, l\u2019ex-pr\u00e9sident ivoirien Laurent Gbagbo affirmait dans une formule caricaturale que le poste de pr\u00e9sident est un fauteuil et non un banc.<\/p>\n<p>Partant de ce postulat, on comprend bien que les deux ex-alli\u00e9s s\u00e9n\u00e9galais ont commis une faute strat\u00e9gique de d\u00e9part. En effet, si tant est qu\u2019ils voulaient un \u00e9quilibre \u00e0 la t\u00eate de l\u2019ex\u00e9cutif, ils devraient parvenir \u00e0 un accord politique pour qu\u2019Ousmane Sonko ne soit pas premier ministre, mais plut\u00f4t pr\u00e9sident du Pastef et pr\u00e9sident de l\u2019assembl\u00e9e nationale.<\/p>\n<p>Parce qu\u2019il faut le reconnaitre, quand les deux marchaient c\u00f4te-\u00e0-c\u00f4te sur le tapis rouge, les \u00e9motions qu\u2019ils d\u00e9gageaient montraient un Ousmane Sonko faisant l\u2019effort de ne pas marcher plus vite que le pr\u00e9sident de la R\u00e9publique, avec des gestuelles trop remarquables, comme si c\u2019\u00e9tait lui le chef. C\u2019est pourquoi, il \u00e9tait salutaire et primordial qu\u2019il s\u2019\u00e9loign\u00e2t du palais pr\u00e9sidentiel en d\u00e9tenant l\u2019autre pan du pouvoir ex\u00e9cutif qu\u2019est l\u2019assembl\u00e9e nationale. Ce qui lui aurait permis de ne pas g\u00eaner le pr\u00e9sident.<\/p>\n<p>Apr\u00e8s tout, un premier ministre est nomm\u00e9 par le pr\u00e9sident de la r\u00e9publique et est par cons\u00e9quent sous les ordres de celui-ci afin de mettre en \u0153uvre sa politique. Or, visiblement ici, Ousmane Sonko ne pouvait pas \u00eatre sous les ordres de son compagnon, qu\u2019il consid\u00e8re apparemment comme un pr\u00e9sident par d\u00e9faut, qui devait lui \u00eatre redevable.<\/p>\n<p>Ce qui est fait est fait. Maintenant, au lieu d\u2019assister \u00e0 la capacit\u00e9 et l\u2019intelligence d\u2019un duo \u00e0 mettre en \u0153uvre un programme qui a suscit\u00e9 tant d\u2019espoir pour les S\u00e9n\u00e9galais, notamment sa jeunesse et voire au-del\u00e0, on est malheureusement en train de vivre un duel \u00e0 mort comme dans un film western.<\/p>\n<p>Dans tous les cas, la plus grande responsabilit\u00e9 incombe au pr\u00e9sident Diomaye Faye qui doit nommer une \u00e9quipe exp\u00e9riment\u00e9e et efficace pour obtenir des r\u00e9sultats palpables qui constitueront ses atouts redoutables aux prochaines \u00e9lections pr\u00e9sidentielles de 2029. Cela, face \u00e0 l\u2019animal politique qu\u2019est Ousmane Sonko qui est dans la posture qu\u2019il affectionne, celle d\u2019un opposant martyris\u00e9. Attendons pour voir le d\u00e9nouement de ce duel.<\/p>\n<p>&nbsp;<\/p>\n<p><strong>Dr. Nurudine OYEWOLE\u00a0 Communicologue, analyste politique et expert en coop\u00e9ration transfrontali\u00e8re\u00a0 \u00a0<\/strong><\/p>\n","protected":false},"excerpt":{"rendered":"<p>Le vendredi 23 mai 2026, comme un p\u00e9tard dont on s\u2019attendait depuis longtemps \u00e0 la d\u00e9tonation, un communiqu\u00e9 de la pr\u00e9sidence de la R\u00e9publique du S\u00e9n\u00e9gal est venu mettre fin \u00e0 la fonction de premier qu\u2019occupait Ousmane Sanko. Ce duo Faye-Sonko qui a fait r\u00eaver la jeunesse s\u00e9n\u00e9galaise et africaine a fini par se transformer [&hellip;]<\/p>\n","protected":false},"author":4,"featured_media":44011,"comment_status":"closed","ping_status":"closed","sticky":false,"template":"","format":"standard","meta":{"footnotes":""},"categories":[2,17],"tags":[],"class_list":["post-44010","post","type-post","status-publish","format-standard","has-post-thumbnail","hentry","category-featured","category-politique"],"_links":{"self":[{"href":"https:\/\/www.lintelligentdabidjan.info\/news\/wp-json\/wp\/v2\/posts\/44010","targetHints":{"allow":["GET"]}}],"collection":[{"href":"https:\/\/www.lintelligentdabidjan.info\/news\/wp-json\/wp\/v2\/posts"}],"about":[{"href":"https:\/\/www.lintelligentdabidjan.info\/news\/wp-json\/wp\/v2\/types\/post"}],"author":[{"embeddable":true,"href":"https:\/\/www.lintelligentdabidjan.info\/news\/wp-json\/wp\/v2\/users\/4"}],"replies":[{"embeddable":true,"href":"https:\/\/www.lintelligentdabidjan.info\/news\/wp-json\/wp\/v2\/comments?post=44010"}],"version-history":[{"count":1,"href":"https:\/\/www.lintelligentdabidjan.info\/news\/wp-json\/wp\/v2\/posts\/44010\/revisions"}],"predecessor-version":[{"id":44012,"href":"https:\/\/www.lintelligentdabidjan.info\/news\/wp-json\/wp\/v2\/posts\/44010\/revisions\/44012"}],"wp:featuredmedia":[{"embeddable":true,"href":"https:\/\/www.lintelligentdabidjan.info\/news\/wp-json\/wp\/v2\/media\/44011"}],"wp:attachment":[{"href":"https:\/\/www.lintelligentdabidjan.info\/news\/wp-json\/wp\/v2\/media?parent=44010"}],"wp:term":[{"taxonomy":"category","embeddable":true,"href":"https:\/\/www.lintelligentdabidjan.info\/news\/wp-json\/wp\/v2\/categories?post=44010"},{"taxonomy":"post_tag","embeddable":true,"href":"https:\/\/www.lintelligentdabidjan.info\/news\/wp-json\/wp\/v2\/tags?post=44010"}],"curies":[{"name":"wp","href":"https:\/\/api.w.org\/{rel}","templated":true}]}}