{"id":44037,"date":"2026-05-28T07:57:12","date_gmt":"2026-05-28T05:57:12","guid":{"rendered":"https:\/\/www.lintelligentdabidjan.info\/news\/?p=44037"},"modified":"2026-05-28T07:57:20","modified_gmt":"2026-05-28T05:57:20","slug":"esperance-cote-divoiresoumahoro-hamidou-elu-president-pour-un-mandat-de-six-ans","status":"publish","type":"post","link":"https:\/\/www.lintelligentdabidjan.info\/news\/esperance-cote-divoiresoumahoro-hamidou-elu-president-pour-un-mandat-de-six-ans\/","title":{"rendered":"Esp\u00e9rance C\u00f4te d\u2019Ivoire:Soumahoro Hamidou \u00e9lu pr\u00e9sident pour un mandat de six ans"},"content":{"rendered":"<p><strong>Le Mouvement Esp\u00e9rance C\u00f4te d\u2019Ivoire (ECI) a organis\u00e9 son Assembl\u00e9e g\u00e9n\u00e9rale constitutive le samedi 23 mai 2026 au Centre d\u2019actions culturelles d\u2019Abobo (CACAB). \u00c0 l\u2019issue de cette rencontre fondatrice, Soumahoro Hamidou a \u00e9t\u00e9 \u00e9lu pr\u00e9sident pour un mandat de six ans renouvelable.<\/strong><\/p>\n<p>Cette assembl\u00e9e consacre la naissance officielle d\u2019un mouvement citoyen apolitique, non confessionnel et inclusif, engag\u00e9 dans la promotion du d\u00e9veloppement \u00e0 travers des actions de solidarit\u00e9 et de service communautaire.<\/p>\n<p>\u00c0 cette occasion, le nouveau pr\u00e9sident a expliqu\u00e9 les motivations de cette initiative. \u00ab Nous avons constat\u00e9 qu\u2019il y a encore beaucoup \u00e0 faire dans notre pays, notamment en mati\u00e8re de solidarit\u00e9 et de service. Il est difficile de rester indiff\u00e9rents face \u00e0 ces r\u00e9alit\u00e9s. \u00bb<\/p>\n<p>Ensuite, Soumahoro Hamidou a affirm\u00e9 la volont\u00e9 du mouvement de travailler en synergie avec les institutions de la R\u00e9publique. \u00ab Nous entendons \u00e9voluer dans la continuit\u00e9 de l\u2019\u00c9tat, en parfaite collaboration avec ses institutions. \u00bb<\/p>\n<p>Port\u00e9 par une vision participative, le mouvement se veut un catalyseur de l\u2019engagement citoyen. \u00ab Chaque citoyen est une force. Deux heures d\u2019engagement par mois peuvent transformer un quartier \u00bb, a-t-il indiqu\u00e9.<\/p>\n<p>Se d\u00e9finissant comme \u00ab le r\u00e9flexe citoyen des Ivoiriens \u00bb, Esp\u00e9rance C\u00f4te d\u2019Ivoire revendique son ind\u00e9pendance vis-\u00e0-vis de toute affiliation politique ou influence ext\u00e9rieure.<\/p>\n<p>Le mouvement s\u2019articule autour de cinq axes : promotion des valeurs civiques, protection de la vie, renforcement de la solidarit\u00e9 sociale, engagement de la jeunesse et autonomisation des femmes.<\/p>\n<p><strong>Mamadou Ouattara avec Ly Abdul\u00a0<\/strong><\/p>\n<p>&nbsp;<\/p>\n<p>&nbsp;<\/p>\n<p>&nbsp;<\/p>\n","protected":false},"excerpt":{"rendered":"<p>Le Mouvement Esp\u00e9rance C\u00f4te d\u2019Ivoire (ECI) a organis\u00e9 son Assembl\u00e9e g\u00e9n\u00e9rale constitutive le samedi 23 mai 2026 au Centre d\u2019actions culturelles d\u2019Abobo (CACAB). \u00c0 l\u2019issue de cette rencontre fondatrice, Soumahoro Hamidou a \u00e9t\u00e9 \u00e9lu pr\u00e9sident pour un mandat de six ans renouvelable. Cette assembl\u00e9e consacre la naissance officielle d\u2019un mouvement citoyen apolitique, non confessionnel et [&hellip;]<\/p>\n","protected":false},"author":4,"featured_media":44038,"comment_status":"closed","ping_status":"closed","sticky":false,"template":"","format":"standard","meta":{"footnotes":""},"categories":[2,3],"tags":[8140,1760,8141],"class_list":["post-44037","post","type-post","status-publish","format-standard","has-post-thumbnail","hentry","category-featured","category-societe","tag-esperance-cote-divoire","tag-mandat","tag-soumahoro-hamidou"],"_links":{"self":[{"href":"https:\/\/www.lintelligentdabidjan.info\/news\/wp-json\/wp\/v2\/posts\/44037","targetHints":{"allow":["GET"]}}],"collection":[{"href":"https:\/\/www.lintelligentdabidjan.info\/news\/wp-json\/wp\/v2\/posts"}],"about":[{"href":"https:\/\/www.lintelligentdabidjan.info\/news\/wp-json\/wp\/v2\/types\/post"}],"author":[{"embeddable":true,"href":"https:\/\/www.lintelligentdabidjan.info\/news\/wp-json\/wp\/v2\/users\/4"}],"replies":[{"embeddable":true,"href":"https:\/\/www.lintelligentdabidjan.info\/news\/wp-json\/wp\/v2\/comments?post=44037"}],"version-history":[{"count":1,"href":"https:\/\/www.lintelligentdabidjan.info\/news\/wp-json\/wp\/v2\/posts\/44037\/revisions"}],"predecessor-version":[{"id":44039,"href":"https:\/\/www.lintelligentdabidjan.info\/news\/wp-json\/wp\/v2\/posts\/44037\/revisions\/44039"}],"wp:featuredmedia":[{"embeddable":true,"href":"https:\/\/www.lintelligentdabidjan.info\/news\/wp-json\/wp\/v2\/media\/44038"}],"wp:attachment":[{"href":"https:\/\/www.lintelligentdabidjan.info\/news\/wp-json\/wp\/v2\/media?parent=44037"}],"wp:term":[{"taxonomy":"category","embeddable":true,"href":"https:\/\/www.lintelligentdabidjan.info\/news\/wp-json\/wp\/v2\/categories?post=44037"},{"taxonomy":"post_tag","embeddable":true,"href":"https:\/\/www.lintelligentdabidjan.info\/news\/wp-json\/wp\/v2\/tags?post=44037"}],"curies":[{"name":"wp","href":"https:\/\/api.w.org\/{rel}","templated":true}]}}