{"id":44062,"date":"2026-06-01T08:02:16","date_gmt":"2026-06-01T06:02:16","guid":{"rendered":"https:\/\/www.lintelligentdabidjan.info\/news\/?p=44062"},"modified":"2026-06-01T08:02:43","modified_gmt":"2026-06-01T06:02:43","slug":"daloa-la-cadha-renforce-le-lien-armee-nation-sur-les-droits-humains","status":"publish","type":"post","link":"https:\/\/www.lintelligentdabidjan.info\/news\/daloa-la-cadha-renforce-le-lien-armee-nation-sur-les-droits-humains\/","title":{"rendered":"Daloa: La\u00a0 CADHA renforce le lien Arm\u00e9e-Nation sur les droits humains"},"content":{"rendered":"<p><strong>La ville de Daloa a accueilli, du 28 au 30 mai 2026, la 5\u1d49 \u00e9dition des Journ\u00e9es Portes Ouvertes des Droits de l\u2019Homme et du Droit International Humanitaire (DH\/DIH) \u00e0 l\u2019intention des Forces de d\u00e9fense et de s\u00e9curit\u00e9. Organis\u00e9e par la CADHA (Coordination Africaine des Droits de l\u2019Homme pour les Arm\u00e9es) en collaboration avec l\u2019\u00c9tat-Major des Arm\u00e9es, cette rencontre s\u2019est tenue autour du th\u00e8me : \u00ab Collaboration entre les Forces arm\u00e9es et de s\u00e9curit\u00e9 et les populations \u00bb.<\/strong><\/p>\n<p>\u00c0 l\u2019ouverture des travaux, le coordonnateur g\u00e9n\u00e9ral de la CADHA, Dr Diaby Bakary, a soulign\u00e9 l\u2019importance du partenariat entre les populations et les forces de s\u00e9curit\u00e9 dans un contexte marqu\u00e9 par les d\u00e9fis s\u00e9curitaires et la menace terroriste dans la sous-r\u00e9gion.<\/p>\n<p>Selon lui, ces journ\u00e9es visent \u00e0 renforcer les relations civilo-militaires, \u00e0 promouvoir le respect des droits humains au sein des Forces de d\u00e9fense et de s\u00e9curit\u00e9 et \u00e0 consolider le lien Arm\u00e9e-Nation. \u00ab Ces rencontres constituent un v\u00e9ritable pont entre les forces arm\u00e9es et la soci\u00e9t\u00e9 civile \u00bb, a-t-il indiqu\u00e9, appelant les organisations de la soci\u00e9t\u00e9 civile, les leaders communautaires ainsi que les autorit\u00e9s religieuses et coutumi\u00e8res \u00e0 s\u2019impliquer davantage dans les questions de s\u00e9curit\u00e9.<\/p>\n<p>Repr\u00e9sentant le pr\u00e9fet de r\u00e9gion, pr\u00e9fet du d\u00e9partement de Daloa, le secr\u00e9taire g\u00e9n\u00e9ral 2 de la pr\u00e9fecture, Yaya Bamba, a salu\u00e9 une initiative favorisant le dialogue et la confiance entre les citoyens et les institutions charg\u00e9es de leur protection.<\/p>\n<p>Panels, conf\u00e9rences, \u00e9changes d\u2019exp\u00e9riences et s\u00e9ances de sensibilisation ont rythm\u00e9 ces trois journ\u00e9es, avec un accent particulier sur les droits de l\u2019homme, le droit international humanitaire, la pr\u00e9vention de l\u2019extr\u00e9misme violent et la collaboration civilo-s\u00e9curitaire.<\/p>\n<p>Pr\u00e9sente dans 17 pays africains, la CADHA affirme avoir form\u00e9 plus de 35 000 personnes en quinze ans, contribuant ainsi au renforcement des capacit\u00e9s des acteurs de la d\u00e9fense et de la soci\u00e9t\u00e9 civile en mati\u00e8re de droits humains.<\/p>\n<p><strong>Beker Yao<\/strong><\/p>\n<p>&nbsp;<\/p>\n<p>&nbsp;<\/p>\n<p>&nbsp;<\/p>\n","protected":false},"excerpt":{"rendered":"<p>La ville de Daloa a accueilli, du 28 au 30 mai 2026, la 5\u1d49 \u00e9dition des Journ\u00e9es Portes Ouvertes des Droits de l\u2019Homme et du Droit International Humanitaire (DH\/DIH) \u00e0 l\u2019intention des Forces de d\u00e9fense et de s\u00e9curit\u00e9. Organis\u00e9e par la CADHA (Coordination Africaine des Droits de l\u2019Homme pour les Arm\u00e9es) en collaboration avec l\u2019\u00c9tat-Major [&hellip;]<\/p>\n","protected":false},"author":4,"featured_media":44063,"comment_status":"closed","ping_status":"closed","sticky":false,"template":"","format":"standard","meta":{"footnotes":""},"categories":[2,3],"tags":[105,8150,8151,8152],"class_list":["post-44062","post","type-post","status-publish","format-standard","has-post-thumbnail","hentry","category-featured","category-societe","tag-daloa","tag-la-cadha","tag-le-lien-armee-nation","tag-les-droits-humains"],"_links":{"self":[{"href":"https:\/\/www.lintelligentdabidjan.info\/news\/wp-json\/wp\/v2\/posts\/44062","targetHints":{"allow":["GET"]}}],"collection":[{"href":"https:\/\/www.lintelligentdabidjan.info\/news\/wp-json\/wp\/v2\/posts"}],"about":[{"href":"https:\/\/www.lintelligentdabidjan.info\/news\/wp-json\/wp\/v2\/types\/post"}],"author":[{"embeddable":true,"href":"https:\/\/www.lintelligentdabidjan.info\/news\/wp-json\/wp\/v2\/users\/4"}],"replies":[{"embeddable":true,"href":"https:\/\/www.lintelligentdabidjan.info\/news\/wp-json\/wp\/v2\/comments?post=44062"}],"version-history":[{"count":1,"href":"https:\/\/www.lintelligentdabidjan.info\/news\/wp-json\/wp\/v2\/posts\/44062\/revisions"}],"predecessor-version":[{"id":44064,"href":"https:\/\/www.lintelligentdabidjan.info\/news\/wp-json\/wp\/v2\/posts\/44062\/revisions\/44064"}],"wp:featuredmedia":[{"embeddable":true,"href":"https:\/\/www.lintelligentdabidjan.info\/news\/wp-json\/wp\/v2\/media\/44063"}],"wp:attachment":[{"href":"https:\/\/www.lintelligentdabidjan.info\/news\/wp-json\/wp\/v2\/media?parent=44062"}],"wp:term":[{"taxonomy":"category","embeddable":true,"href":"https:\/\/www.lintelligentdabidjan.info\/news\/wp-json\/wp\/v2\/categories?post=44062"},{"taxonomy":"post_tag","embeddable":true,"href":"https:\/\/www.lintelligentdabidjan.info\/news\/wp-json\/wp\/v2\/tags?post=44062"}],"curies":[{"name":"wp","href":"https:\/\/api.w.org\/{rel}","templated":true}]}}