{"id":44095,"date":"2026-06-03T23:10:05","date_gmt":"2026-06-03T21:10:05","guid":{"rendered":"https:\/\/www.lintelligentdabidjan.info\/news\/?p=44095"},"modified":"2026-06-03T23:10:32","modified_gmt":"2026-06-03T21:10:32","slug":"communique-de-presse-mtn-cote-divoire-annonce-une-evolution-a-la-tete-de-sa-direction-generale","status":"publish","type":"post","link":"https:\/\/www.lintelligentdabidjan.info\/news\/communique-de-presse-mtn-cote-divoire-annonce-une-evolution-a-la-tete-de-sa-direction-generale\/","title":{"rendered":"Communiqu\u00e9 de presse:  MTN C\u00f4te d\u2019Ivoire annonce une \u00e9volution \u00e0 la t\u00eate de sa Direction G\u00e9n\u00e9rale"},"content":{"rendered":"<p><strong>MTN C\u00f4te d\u2019Ivoire annonce une \u00e9volution \u00e0 la t\u00eate de sa Direction G\u00e9n\u00e9rale, \u00e0 la suite des d\u00e9cisions prises par son Conseil d\u2019Administration lors de sa session du 1er juin 2026.<\/strong><\/p>\n<p>Dans ce cadre, Madame Mitwa NGAMBI, Directrice G\u00e9n\u00e9rale de MTN C\u00f4te d\u2019Ivoire, est appel\u00e9e \u00e0 exercer de nouvelles fonctions au sein du Groupe MTN. Cette \u00e9volution s\u2019inscrit dans la dynamique de reconnaissance des talents au sein du Groupe.<\/p>\n<p>Sous son leadership, MTN cote d\u2019Ivoire a connu une performance exceptionnelle et consolider sa transformation<br \/>\nElle est remplac\u00e9e par Monsieur Abbad Reda en qualit\u00e9 de Directeur G\u00e9n\u00e9ral de MTN C\u00f4te d\u2019Ivoire, avec effet \u00e0 compter du 1er septembre 2026.<\/p>\n<p>Actuellement Directeur G\u00e9n\u00e9ral de MTN Zambie, Monsieur Abbad Reda a conduit avec succ\u00e8s le redressement de cette entit\u00e9 depuis 2023. Il a \u00e9galement occup\u00e9 les fonctions de Directeur G\u00e9n\u00e9ral de MTN Afghanistan pendant cinq ans et dispose d\u2019une solide exp\u00e9rience dans plusieurs march\u00e9s du Groupe, notamment au Liberia et au Ghana.<br \/>\nFort d\u2019un parcours reconnu en mati\u00e8re de transformation et de croissance des entreprises, il aura pour mission de poursuivre la dynamique engag\u00e9e, de renforcer la performance et d\u2019accompagner MTN C\u00f4te d\u2019Ivoire dans cette nouvelle phase de d\u00e9veloppement.<\/p>\n","protected":false},"excerpt":{"rendered":"<p>MTN C\u00f4te d\u2019Ivoire annonce une \u00e9volution \u00e0 la t\u00eate de sa Direction G\u00e9n\u00e9rale, \u00e0 la suite des d\u00e9cisions prises par son Conseil d\u2019Administration lors de sa session du 1er juin 2026. Dans ce cadre, Madame Mitwa NGAMBI, Directrice G\u00e9n\u00e9rale de MTN C\u00f4te d\u2019Ivoire, est appel\u00e9e \u00e0 exercer de nouvelles fonctions au sein du Groupe MTN. [&hellip;]<\/p>\n","protected":false},"author":4,"featured_media":44096,"comment_status":"closed","ping_status":"closed","sticky":false,"template":"","format":"standard","meta":{"footnotes":""},"categories":[2,3],"tags":[8173,8175,8174,5193],"class_list":["post-44095","post","type-post","status-publish","format-standard","has-post-thumbnail","hentry","category-featured","category-societe","tag-communique-de-presse","tag-direction-generale","tag-la-tete","tag-mtn-cote-divoire"],"_links":{"self":[{"href":"https:\/\/www.lintelligentdabidjan.info\/news\/wp-json\/wp\/v2\/posts\/44095","targetHints":{"allow":["GET"]}}],"collection":[{"href":"https:\/\/www.lintelligentdabidjan.info\/news\/wp-json\/wp\/v2\/posts"}],"about":[{"href":"https:\/\/www.lintelligentdabidjan.info\/news\/wp-json\/wp\/v2\/types\/post"}],"author":[{"embeddable":true,"href":"https:\/\/www.lintelligentdabidjan.info\/news\/wp-json\/wp\/v2\/users\/4"}],"replies":[{"embeddable":true,"href":"https:\/\/www.lintelligentdabidjan.info\/news\/wp-json\/wp\/v2\/comments?post=44095"}],"version-history":[{"count":1,"href":"https:\/\/www.lintelligentdabidjan.info\/news\/wp-json\/wp\/v2\/posts\/44095\/revisions"}],"predecessor-version":[{"id":44097,"href":"https:\/\/www.lintelligentdabidjan.info\/news\/wp-json\/wp\/v2\/posts\/44095\/revisions\/44097"}],"wp:featuredmedia":[{"embeddable":true,"href":"https:\/\/www.lintelligentdabidjan.info\/news\/wp-json\/wp\/v2\/media\/44096"}],"wp:attachment":[{"href":"https:\/\/www.lintelligentdabidjan.info\/news\/wp-json\/wp\/v2\/media?parent=44095"}],"wp:term":[{"taxonomy":"category","embeddable":true,"href":"https:\/\/www.lintelligentdabidjan.info\/news\/wp-json\/wp\/v2\/categories?post=44095"},{"taxonomy":"post_tag","embeddable":true,"href":"https:\/\/www.lintelligentdabidjan.info\/news\/wp-json\/wp\/v2\/tags?post=44095"}],"curies":[{"name":"wp","href":"https:\/\/api.w.org\/{rel}","templated":true}]}}