{"id":44160,"date":"2026-06-09T07:51:34","date_gmt":"2026-06-09T05:51:34","guid":{"rendered":"https:\/\/www.lintelligentdabidjan.info\/news\/?p=44160"},"modified":"2026-06-09T07:51:58","modified_gmt":"2026-06-09T05:51:58","slug":"politique-nationalepro-cote-divoire-annonce-un-grand-rassemblement-le-11-juillet-a-ebimpe","status":"publish","type":"post","link":"https:\/\/www.lintelligentdabidjan.info\/news\/politique-nationalepro-cote-divoire-annonce-un-grand-rassemblement-le-11-juillet-a-ebimpe\/","title":{"rendered":"Politique nationale:Pro-C\u00f4te d\u2019Ivoire annonce un grand rassemblement le 11 juillet \u00e0 \u00c9bimp\u00e9"},"content":{"rendered":"<p><strong>Le pr\u00e9sident du parti Pro-C\u00f4te d\u2019Ivoire pour la d\u00e9mocratie, la prosp\u00e9rit\u00e9 et la souverainet\u00e9, K\u00e9kkvin Fi\u00e9ni, a annonc\u00e9 l\u2019organisation d\u2019un grand rassemblement le 11 juillet 2026 au stade Olympique Alassane Ouattara d\u2019\u00c9bimp\u00e9. Cette rencontre vise \u00e0 mobiliser les militants autour d\u2019un message de paix et de coh\u00e9sion, a-t-il d\u00e9clar\u00e9, dimanche 7 juin 2026, \u00e0 Abobo-Avocatier, lors d\u2019une c\u00e9r\u00e9monie d\u2019adh\u00e9sion de nouveaux membres.<\/strong><\/p>\n<p>Au total, 200 nouvelles militantes ont officiellement rejoint le parti au cours de cette rencontre tenue \u00e0 l\u2019espace Saint-Mo\u00efse d\u2019Abobo. Pour le leader politique, cette vague d\u2019adh\u00e9sions traduit une dynamique positive. \u00ab Nous avons des sympathisants qui franchissent une \u00e9tape importante en affirmant leur appartenance \u00e0 notre formation. C\u2019est une fiert\u00e9 et la preuve que nous sommes sur la bonne voie \u00bb, a-t-il affirm\u00e9.<\/p>\n<p>S\u2019exprimant au nom de l\u2019association \u00ab Akay\u00ea \u00bb (\u00ab Nous tenons \u00bb en langue Bh\u00e9t\u00e9), Antoinette Kor\u00e9 a salu\u00e9 \u00ab la constante sollicitude \u00bb du pr\u00e9sident du parti, avant de formuler plusieurs dol\u00e9ances. \u00ab Nous sommes majoritairement des commer\u00e7antes. Pour mener nos activit\u00e9s, nous avons besoin de chaises, de b\u00e2ches et d\u2019un v\u00e9hicule. Par ailleurs, beaucoup de nos enfants dipl\u00f4m\u00e9s sont sans emploi. Nous comptons sur votre appui pour leur insertion professionnelle \u00bb, a-t-elle plaid\u00e9.<\/p>\n<p>En r\u00e9ponse, K\u00e9vin Fi\u00e9ni a reconnu la l\u00e9gitimit\u00e9 de ces pr\u00e9occupations tout en insistant sur une approche bas\u00e9e sur l\u2019autonomisation. \u00ab Il est l\u00e9gitime de faire des dol\u00e9ances. Mais il est encore plus important de d\u00e9finir des strat\u00e9gies permettant aux femmes d\u2019obtenir elles-m\u00eames ce dont elles ont besoin \u00bb, a-t-il soutenu.<\/p>\n<p>Le pr\u00e9sident de Pro-C\u00f4te d\u2019Ivoire a \u00e9galement rappel\u00e9 la philosophie de son parti. \u00ab Notre objectif n\u2019est pas de distribuer des biens mat\u00e9riels, mais de transmettre des comp\u00e9tences. Nous voulons des militants engag\u00e9s dans la construction, et non dans l\u2019assistanat \u00bb, a-t-il expliqu\u00e9.<\/p>\n<p>Le meeting pr\u00e9vu \u00e0 \u00c9bimp\u00e9 s\u2019inscrit ainsi dans cette logique de mobilisation et de structuration du parti \u00e0 l\u2019\u00e9chelle nationale. \u00ab Ce sera un moment cl\u00e9 pour adresser un message de paix et rassurer nos militants. C\u2019est un d\u00e9fi majeur pour Pro-C\u00f4te d\u2019Ivoire \u00bb, a conclu K\u00e9vin Fi\u00e9ni.<\/p>\n<p>&nbsp;<\/p>\n<p><strong>Olivier Dion<\/strong><\/p>\n<p>&nbsp;<\/p>\n<p>&nbsp;<\/p>\n<p>&nbsp;<\/p>\n","protected":false},"excerpt":{"rendered":"<p>Le pr\u00e9sident du parti Pro-C\u00f4te d\u2019Ivoire pour la d\u00e9mocratie, la prosp\u00e9rit\u00e9 et la souverainet\u00e9, K\u00e9kkvin Fi\u00e9ni, a annonc\u00e9 l\u2019organisation d\u2019un grand rassemblement le 11 juillet 2026 au stade Olympique Alassane Ouattara d\u2019\u00c9bimp\u00e9. Cette rencontre vise \u00e0 mobiliser les militants autour d\u2019un message de paix et de coh\u00e9sion, a-t-il d\u00e9clar\u00e9, dimanche 7 juin 2026, \u00e0 Abobo-Avocatier, [&hellip;]<\/p>\n","protected":false},"author":4,"featured_media":44161,"comment_status":"closed","ping_status":"closed","sticky":false,"template":"","format":"standard","meta":{"footnotes":""},"categories":[2,17],"tags":[834,8208,8209],"class_list":["post-44160","post","type-post","status-publish","format-standard","has-post-thumbnail","hentry","category-featured","category-politique","tag-ebimpe","tag-politique-nationale","tag-pro-cote-divoire"],"_links":{"self":[{"href":"https:\/\/www.lintelligentdabidjan.info\/news\/wp-json\/wp\/v2\/posts\/44160","targetHints":{"allow":["GET"]}}],"collection":[{"href":"https:\/\/www.lintelligentdabidjan.info\/news\/wp-json\/wp\/v2\/posts"}],"about":[{"href":"https:\/\/www.lintelligentdabidjan.info\/news\/wp-json\/wp\/v2\/types\/post"}],"author":[{"embeddable":true,"href":"https:\/\/www.lintelligentdabidjan.info\/news\/wp-json\/wp\/v2\/users\/4"}],"replies":[{"embeddable":true,"href":"https:\/\/www.lintelligentdabidjan.info\/news\/wp-json\/wp\/v2\/comments?post=44160"}],"version-history":[{"count":1,"href":"https:\/\/www.lintelligentdabidjan.info\/news\/wp-json\/wp\/v2\/posts\/44160\/revisions"}],"predecessor-version":[{"id":44162,"href":"https:\/\/www.lintelligentdabidjan.info\/news\/wp-json\/wp\/v2\/posts\/44160\/revisions\/44162"}],"wp:featuredmedia":[{"embeddable":true,"href":"https:\/\/www.lintelligentdabidjan.info\/news\/wp-json\/wp\/v2\/media\/44161"}],"wp:attachment":[{"href":"https:\/\/www.lintelligentdabidjan.info\/news\/wp-json\/wp\/v2\/media?parent=44160"}],"wp:term":[{"taxonomy":"category","embeddable":true,"href":"https:\/\/www.lintelligentdabidjan.info\/news\/wp-json\/wp\/v2\/categories?post=44160"},{"taxonomy":"post_tag","embeddable":true,"href":"https:\/\/www.lintelligentdabidjan.info\/news\/wp-json\/wp\/v2\/tags?post=44160"}],"curies":[{"name":"wp","href":"https:\/\/api.w.org\/{rel}","templated":true}]}}