{"id":44193,"date":"2026-06-11T07:51:14","date_gmt":"2026-06-11T05:51:14","guid":{"rendered":"https:\/\/www.lintelligentdabidjan.info\/news\/?p=44193"},"modified":"2026-06-11T07:51:19","modified_gmt":"2026-06-11T05:51:19","slug":"sante-mentale-et-cardiovasculaire-mtn-cote-divoire-mene-la-sensibilisation","status":"publish","type":"post","link":"https:\/\/www.lintelligentdabidjan.info\/news\/sante-mentale-et-cardiovasculaire-mtn-cote-divoire-mene-la-sensibilisation\/","title":{"rendered":"Sant\u00e9 mentale et cardiovasculaire : MTN C\u00f4te d&#8217;Ivoire m\u00e8ne la sensibilisation"},"content":{"rendered":"<p><strong>Dans le cadre de son programme annuel de Responsabilit\u00e9 soci\u00e9tale d&#8217;entreprise (RSE), MTN C\u00f4te d&#8217;Ivoire a lanc\u00e9 l&#8217;initiative&#8221;Y&#8217;ello Care&#8221;. Sous le th\u00e8me \u00ab La sant\u00e9 pour tous \u00bb, cette campagne de 21 jours d&#8217;actions citoyennes se concentre cette ann\u00e9e sur la sensibilisation et le d\u00e9pistage des maladies mentales et cardiovasculaires \u00e0 travers la C\u00f4te d&#8217;Ivoire.<\/strong><\/p>\n<p>Le mercredi 10 juin 2026, l&#8217;\u00e9tape d&#8217;Abobo a \u00e9t\u00e9 marqu\u00e9e par une action sociale au profit de l&#8217;h\u00f4pital g\u00e9n\u00e9ral confessionnel priv\u00e9 &#8220;Saints C\u0153urs&#8221; de Clouetcha, et une vaste campagne de sensibilisation dans les rues du quartier ainsi que dans les march\u00e9s de la zone, invitant les populations \u00e0 se faire d\u00e9pister gratuitement.<\/p>\n<p><strong>Un engagement citoyen pour une sant\u00e9 inclusive<\/strong><\/p>\n<p>Chaque ann\u00e9e, le groupe mobilise ses collaborateurs et ses partenaires pour mener des actions \u00e0 fort impact social dans les pays o\u00f9 il est pr\u00e9sent. Cette ann\u00e9e, l&#8217;accent est mis sur deux piliers de la sant\u00e9 publique souvent n\u00e9glig\u00e9s : la sant\u00e9 mentale et les maladies cardiovasculaires. L&#8217;objectif principal est d&#8217;encourager les populations \u00e0 briser les tabous entourant la sant\u00e9 mentale et \u00e0 prendre conscience des risques li\u00e9s aux maladies cardiovasculaires, telles que l&#8217;AVC, qui figurent parmi les principales causes de mortalit\u00e9 en C\u00f4te d&#8217;Ivoire.<\/p>\n<p>L&#8217;op\u00e9ration &#8220;Y&#8217;ello Care&#8221; s&#8217;\u00e9tend sur une p\u00e9riode de 21 jours, du 1er au 21 juin, et concerne un total de 13 localit\u00e9s sur l&#8217;ensemble du territoire ivoirien. La strat\u00e9gie repose sur une pr\u00e9sence de proximit\u00e9, tant dans le district autonome d&#8217;Abidjan qu&#8217;\u00e0 l&#8217;int\u00e9rieur du pays. \u00c0 Abidjan trois communes sont concern\u00e9es par l&#8217;op\u00e9ration : Abobo, Anyama et Songo. \u00c0 l&#8217;int\u00e9rieur du pays, 10 villes re\u00e7oivent la caravane Yello care notamment San-Pedro, Abengourou ou encore Boundiali.<\/p>\n<p>Pour mener \u00e0 bien cette mission, plus de 1 000 personnes, dont 600 employ\u00e9s de l\u2019entreprise , sont d\u00e9ploy\u00e9s sur le terrain. Ils sont \u00e9paul\u00e9s par des partenaires tels que l&#8217;UNICEF, \u00e0 travers le r\u00e9seau des U-Reporters, ainsi que le programme national de sant\u00e9 mentale.<\/p>\n<p><strong>L&#8217;\u00e9tape d&#8217;Abobo : solidarit\u00e9 \u00e0 Clouetcha<\/strong><\/p>\n<p>Ce mercredi 10 juin, la caravane Y&#8217;ello Care a fait escale dans la commune d&#8217;Abobo, plus pr\u00e9cis\u00e9ment dans le quartier de Clouetcha. Cette journ\u00e9e a \u00e9t\u00e9 marqu\u00e9e par un geste de solidarit\u00e9 envers l&#8217;h\u00f4pital g\u00e9n\u00e9ral priv\u00e9 confessionnel \u201cSaints C\u0153urs\u201d. Afin de renforcer les capacit\u00e9s op\u00e9rationnelles de cet \u00e9tablissement de sant\u00e9, l\u2019entreprise\u00a0 a proc\u00e9d\u00e9 \u00e0 un don d&#8217;\u00e9quipements internet de haute performance. Cette contribution vise \u00e0 faciliter la gestion des donn\u00e9es m\u00e9dicales et \u00e0 am\u00e9liorer la prise en charge des patients.<\/p>\n<p>\u00ab Notre objectif est de faire en sorte que toute la C\u00f4te d&#8217;Ivoire soit inform\u00e9e sur l&#8217;importance de cette campagne. La sant\u00e9 mentale est un pilier de la sant\u00e9 globale, et le d\u00e9pistage pr\u00e9coce des maladies cardiovasculaires peut sauver des vies. \u00bb, a d\u00e9clar\u00e9 Ahmed Coulibaly, responsable du projet Y&#8217;ello Care \u00e0 Abobo.<\/p>\n<p><strong>Partenariats au service du d\u00e9pistage<\/strong><\/p>\n<p>L&#8217;efficacit\u00e9 de cette campagne repose \u00e9galement sur l&#8217;utilisation d&#8217;outils num\u00e9riques innovants. En collaboration avec le Programme national de sant\u00e9 mentale, la plateforme tila.ci a \u00e9t\u00e9 int\u00e9gr\u00e9e au dispositif de sensibilisation. Cet outil permet un recensement pr\u00e9cis des populations sensibilis\u00e9es et un suivi statistique rigoureux des d\u00e9pistages effectu\u00e9s.<\/p>\n<p>Les \u00e9quipes sur le terrain b\u00e9n\u00e9ficient \u00e9galement du soutien des U-Reporters, des jeunes b\u00e9n\u00e9voles form\u00e9s \u00e0 la sensibilisation communautaire, garantissant ainsi une large diffusion des messages de pr\u00e9vention aupr\u00e8s des femmes et des jeunes, particuli\u00e8rement r\u00e9ceptifs \u00e0 l&#8217;initiative.<\/p>\n<p>L&#8217;initiative Y&#8217;ello Care traduit l&#8217;engagement du leader des t\u00e9l\u00e9coms en faveur du bien-\u00eatre des populations ivoiriennes, en alliant sensibilisation terrain, d\u00e9pistage gratuit et dons d\u2019\u00e9quipements. \u00c0 travers ces 21 jours d&#8217;action, le groupe aspire \u00e0 instaurer une culture de la pr\u00e9vention durable pour une &#8220;sant\u00e9 pour tous&#8221; .<\/p>\n<p><strong>Yaya K<\/strong><\/p>\n<p>&nbsp;<\/p>\n<p>&nbsp;<\/p>\n<p>&nbsp;<\/p>\n<p>&nbsp;<\/p>\n<p>&nbsp;<\/p>\n","protected":false},"excerpt":{"rendered":"<p>Dans le cadre de son programme annuel de Responsabilit\u00e9 soci\u00e9tale d&#8217;entreprise (RSE), MTN C\u00f4te d&#8217;Ivoire a lanc\u00e9 l&#8217;initiative&#8221;Y&#8217;ello Care&#8221;. Sous le th\u00e8me \u00ab La sant\u00e9 pour tous \u00bb, cette campagne de 21 jours d&#8217;actions citoyennes se concentre cette ann\u00e9e sur la sensibilisation et le d\u00e9pistage des maladies mentales et cardiovasculaires \u00e0 travers la C\u00f4te d&#8217;Ivoire. [&hellip;]<\/p>\n","protected":false},"author":4,"featured_media":44194,"comment_status":"closed","ping_status":"closed","sticky":false,"template":"","format":"standard","meta":{"footnotes":""},"categories":[2,3],"tags":[8230,8231,5193,5805],"class_list":["post-44193","post","type-post","status-publish","format-standard","has-post-thumbnail","hentry","category-featured","category-societe","tag-cardiovasculaire","tag-la-sensibilisation","tag-mtn-cote-divoire","tag-sante-mentale"],"_links":{"self":[{"href":"https:\/\/www.lintelligentdabidjan.info\/news\/wp-json\/wp\/v2\/posts\/44193","targetHints":{"allow":["GET"]}}],"collection":[{"href":"https:\/\/www.lintelligentdabidjan.info\/news\/wp-json\/wp\/v2\/posts"}],"about":[{"href":"https:\/\/www.lintelligentdabidjan.info\/news\/wp-json\/wp\/v2\/types\/post"}],"author":[{"embeddable":true,"href":"https:\/\/www.lintelligentdabidjan.info\/news\/wp-json\/wp\/v2\/users\/4"}],"replies":[{"embeddable":true,"href":"https:\/\/www.lintelligentdabidjan.info\/news\/wp-json\/wp\/v2\/comments?post=44193"}],"version-history":[{"count":1,"href":"https:\/\/www.lintelligentdabidjan.info\/news\/wp-json\/wp\/v2\/posts\/44193\/revisions"}],"predecessor-version":[{"id":44195,"href":"https:\/\/www.lintelligentdabidjan.info\/news\/wp-json\/wp\/v2\/posts\/44193\/revisions\/44195"}],"wp:featuredmedia":[{"embeddable":true,"href":"https:\/\/www.lintelligentdabidjan.info\/news\/wp-json\/wp\/v2\/media\/44194"}],"wp:attachment":[{"href":"https:\/\/www.lintelligentdabidjan.info\/news\/wp-json\/wp\/v2\/media?parent=44193"}],"wp:term":[{"taxonomy":"category","embeddable":true,"href":"https:\/\/www.lintelligentdabidjan.info\/news\/wp-json\/wp\/v2\/categories?post=44193"},{"taxonomy":"post_tag","embeddable":true,"href":"https:\/\/www.lintelligentdabidjan.info\/news\/wp-json\/wp\/v2\/tags?post=44193"}],"curies":[{"name":"wp","href":"https:\/\/api.w.org\/{rel}","templated":true}]}}