{"id":44202,"date":"2026-06-12T05:06:51","date_gmt":"2026-06-12T03:06:51","guid":{"rendered":"https:\/\/www.lintelligentdabidjan.info\/news\/?p=44202"},"modified":"2026-06-12T05:07:14","modified_gmt":"2026-06-12T03:07:14","slug":"journees-nationales-des-archives-de-la-communication-la-premiere-edition-lancee","status":"publish","type":"post","link":"https:\/\/www.lintelligentdabidjan.info\/news\/journees-nationales-des-archives-de-la-communication-la-premiere-edition-lancee\/","title":{"rendered":"Journ\u00e9es nationales des archives de la communication :La premi\u00e8re \u00e9dition lanc\u00e9e"},"content":{"rendered":"<p><strong>La premi\u00e8re \u00e9dition des Journ\u00e9es nationales des archives de la communication (J-ARCHIVES COM) s\u2019est tenue du jeudi 11 au vendredi 12 juin 2026 \u00e0 l\u2019Institut des Sciences et Techniques de la Communication (ISTC-Polytechnique), \u00e0 Abidjan Cocody. Une activit\u00e9 organis\u00e9e par le minist\u00e8re de la Communication ax\u00e9e autour du th\u00e8me : \u00ab B\u00e2tir le patrimoine de demain : le r\u00f4le strat\u00e9gique du Minist\u00e8re de la Communication dans la constitution de la m\u00e9moire institutionnelle de l\u2019\u00c9tat \u00bb.<\/strong><\/p>\n<p>Amadou Coulibaly, le ministre de la Communication, a pr\u00e9sent\u00e9 les objectifs de l\u2019activit\u00e9 qui se tient \u00e0 la suite de la Journ\u00e9e mondiale des archives c\u00e9l\u00e9br\u00e9e le 9 juin 2026. \u00ab Cette premi\u00e8re \u00e9dition des Journ\u00e9es nationales des archives de la communication poursuit des objectifs clairs et ambitieux, qu\u2019il me pla\u00eet d\u2019\u00e9noncer. Il s\u2019agit d\u2019abord de valoriser et de mettre en \u00e9vidence le fonds d\u2019archives du minist\u00e8re de la Communication, trop longtemps m\u00e9connu du grand public tout comme des chercheurs. Ce fonds, constitu\u00e9 au fil des d\u00e9cennies, rec\u00e8le des tr\u00e9sors documentaires d\u2019une valeur inestimable pour l\u2019histoire nationale. Nous entendons \u00e9galement sensibiliser les agents, producteurs d\u2019archives, aux bonnes pratiques de gestion et d\u2019organisation documentaire. Chaque fonctionnaire, chaque collaborateur du Minist\u00e8re et de ses structures sous tutelle doit prendre conscience que le document qu\u2019il produit aujourd\u2019hui est un fragment de l\u2019histoire nationale de demain \u00bb, a d\u00e9clar\u00e9 le ministre Amadou Coulibaly.<\/p>\n<p>Au programme de cette activit\u00e9, des stands ont \u00e9t\u00e9 dress\u00e9s \u00e0 l\u2019ISTC-Polytechnique pour retracer l\u2019histoire des m\u00e9dias d\u2019\u00c9tat en C\u00f4te d\u2019Ivoire. Des appareils anciennement utilis\u00e9s \u00e0 la t\u00e9l\u00e9vision ou \u00e0 la radio nationale, de vieilles coupures de journaux de Fraternit\u00e9 Matin, des images de chantiers de l\u2019\u00e9poque coloniale ou des premi\u00e8res ann\u00e9es de l\u2019ind\u00e9pendance sont expos\u00e9s sur les stands.<\/p>\n<p>\u00ab Cette manifestation vise aussi \u00e0 faire conna\u00eetre le m\u00e9tier d\u2019archiviste, souvent exerc\u00e9 dans l\u2019ombre, et \u00e0 susciter des vocations chez les jeunes g\u00e9n\u00e9rations. L\u2019archiviste n\u2019est pas un simple gardien de documents souvent oubli\u00e9s dans les caves ou dans les locaux annexes qui ressemblent plus \u00e0 des d\u00e9barras qu\u2019\u00e0 des bureaux, c\u2019est un ing\u00e9nieur de la m\u00e9moire, un garant de l\u2019authenticit\u00e9 et de la fiabilit\u00e9 de l\u2019information. Enfin, nous souhaitons renforcer la culture archivistique au sein du Minist\u00e8re et promouvoir l\u2019acc\u00e8s aux archives comme outil de gouvernance. Une administration transparente, responsable et efficace est une administration qui ma\u00eetrise ses archives \u00bb, a-t-il ajout\u00e9.<\/p>\n<p>Le ministre de l\u2019Int\u00e9rieur et de la S\u00e9curit\u00e9, Diomand\u00e9 Vagondo, repr\u00e9sentait le Premier ministre Robert Beugr\u00e9 Mamb\u00e9 qui pr\u00e9side l\u2019activit\u00e9.\u00a0 \u00a0Tutelle des Archives nationales, Diomand\u00e9 Vagondo a dit mesurer la responsabilit\u00e9 qui est la sienne dans la constitution de la m\u00e9moire documentaire nationale.<\/p>\n<p>\u00ab Notre pays, engag\u00e9 dans une dynamique continue de consolidation de l\u2019\u00c9tat de droit, de r\u00e9conciliation et de d\u00e9veloppement, sait combien la tra\u00e7abilit\u00e9 des actes administratifs est le socle de la justice sociale. Des archives pr\u00e9serv\u00e9es, authentiques et accessibles sont la garantie premi\u00e8re des droits du citoyen. Elles permettent \u00e0 chaque Ivoirien de prouver sa filiation, sa propri\u00e9t\u00e9, ses droits \u00e0 la retraite ou son parcours civique. Sans archives fiables, il n\u2019y a pas de transparence ; sans transparence, il n\u2019y a pas de justice durable. L\u2019acc\u00e8s \u00e0 une m\u00e9moire documentaire int\u00e8gre est le pont indispensable que nous jetons entre les le\u00e7ons de notre pass\u00e9 et la s\u00e9curit\u00e9 juridique de nos avenirs \u00bb, a d\u00e9clar\u00e9 le ministre de l\u2019Int\u00e9rieur et de la S\u00e9curit\u00e9.<\/p>\n<p>Les deux ministres ont pos\u00e9 la premi\u00e8re pierre d\u2019une m\u00e9diath\u00e8que qui sera construite dans l\u2019enceinte de l\u2019ISTC-Polytechnique.<\/p>\n<p><strong>Jean-Hubert Koffo<\/strong><\/p>\n<p>&nbsp;<\/p>\n<p>&nbsp;<\/p>\n<p>&nbsp;<\/p>\n","protected":false},"excerpt":{"rendered":"<p>La premi\u00e8re \u00e9dition des Journ\u00e9es nationales des archives de la communication (J-ARCHIVES COM) s\u2019est tenue du jeudi 11 au vendredi 12 juin 2026 \u00e0 l\u2019Institut des Sciences et Techniques de la Communication (ISTC-Polytechnique), \u00e0 Abidjan Cocody. Une activit\u00e9 organis\u00e9e par le minist\u00e8re de la Communication ax\u00e9e autour du th\u00e8me : \u00ab B\u00e2tir le patrimoine de [&hellip;]<\/p>\n","protected":false},"author":4,"featured_media":44203,"comment_status":"closed","ping_status":"closed","sticky":false,"template":"","format":"standard","meta":{"footnotes":""},"categories":[2,3],"tags":[8235,8129],"class_list":["post-44202","post","type-post","status-publish","format-standard","has-post-thumbnail","hentry","category-featured","category-societe","tag-journees-nationales-des-archives-de-la-communication","tag-la-premiere-edition"],"_links":{"self":[{"href":"https:\/\/www.lintelligentdabidjan.info\/news\/wp-json\/wp\/v2\/posts\/44202","targetHints":{"allow":["GET"]}}],"collection":[{"href":"https:\/\/www.lintelligentdabidjan.info\/news\/wp-json\/wp\/v2\/posts"}],"about":[{"href":"https:\/\/www.lintelligentdabidjan.info\/news\/wp-json\/wp\/v2\/types\/post"}],"author":[{"embeddable":true,"href":"https:\/\/www.lintelligentdabidjan.info\/news\/wp-json\/wp\/v2\/users\/4"}],"replies":[{"embeddable":true,"href":"https:\/\/www.lintelligentdabidjan.info\/news\/wp-json\/wp\/v2\/comments?post=44202"}],"version-history":[{"count":1,"href":"https:\/\/www.lintelligentdabidjan.info\/news\/wp-json\/wp\/v2\/posts\/44202\/revisions"}],"predecessor-version":[{"id":44204,"href":"https:\/\/www.lintelligentdabidjan.info\/news\/wp-json\/wp\/v2\/posts\/44202\/revisions\/44204"}],"wp:featuredmedia":[{"embeddable":true,"href":"https:\/\/www.lintelligentdabidjan.info\/news\/wp-json\/wp\/v2\/media\/44203"}],"wp:attachment":[{"href":"https:\/\/www.lintelligentdabidjan.info\/news\/wp-json\/wp\/v2\/media?parent=44202"}],"wp:term":[{"taxonomy":"category","embeddable":true,"href":"https:\/\/www.lintelligentdabidjan.info\/news\/wp-json\/wp\/v2\/categories?post=44202"},{"taxonomy":"post_tag","embeddable":true,"href":"https:\/\/www.lintelligentdabidjan.info\/news\/wp-json\/wp\/v2\/tags?post=44202"}],"curies":[{"name":"wp","href":"https:\/\/api.w.org\/{rel}","templated":true}]}}