{"id":44337,"date":"2026-06-19T06:27:01","date_gmt":"2026-06-19T04:27:01","guid":{"rendered":"https:\/\/www.lintelligentdabidjan.info\/news\/?p=44337"},"modified":"2026-06-19T06:27:10","modified_gmt":"2026-06-19T04:27:10","slug":"senat-onze-projets-de-loi-adoptes","status":"publish","type":"post","link":"https:\/\/www.lintelligentdabidjan.info\/news\/senat-onze-projets-de-loi-adoptes\/","title":{"rendered":"\u00a0S\u00e9nat :Onze projets de loi adopt\u00e9s\u00a0"},"content":{"rendered":"<p><strong>R\u00e9unis en s\u00e9ance pl\u00e9ni\u00e8re le jeudi 18 juin 2026 \u00e0 la Fondation F\u00e9lix Houphou\u00ebt-Boigny pour la Recherche de la Paix \u00e0 Yamoussoukro, les s\u00e9nateurs ivoiriens ont adopt\u00e9 onze(11) projets de loi portant ratification d\u2019ordonnances, modification de textes l\u00e9gislatifs et approbation d\u2019accords internationaux. Pr\u00e9sid\u00e9e par Kandia Camara, pr\u00e9sidente du S\u00e9nat, cette session a port\u00e9 sur plusieurs secteurs strat\u00e9giques de l\u2019action publique, notamment l\u2019\u00e9conomie, l\u2019urbanisme, la sant\u00e9, la coop\u00e9ration internationale et la protection sociale.<\/strong><\/p>\n<p>Parmi les textes examin\u00e9s figure le projet de loi modifiant le Code de la Construction et de l\u2019Habitat, pr\u00e9sent\u00e9 par le ministre de l\u2019Urbanisme, du Logement et du Cadre de vie, Moussa Sanogo. Cette r\u00e9forme s\u2019inscrit dans les efforts du gouvernement visant \u00e0 lutter contre l\u2019anarchie dans le secteur de la construction et \u00e0 am\u00e9liorer le cadre de vie urbain.<\/p>\n<p>Le ministre a expliqu\u00e9 que le nouveau dispositif renforce les obligations d\u2019assurance dans le secteur du b\u00e2timent. D\u00e9sormais, tout constructeur devra souscrire une assurance Tous Risques Chantiers couvrant notamment les dommages caus\u00e9s aux tiers, les accidents impliquant les travailleurs et la responsabilit\u00e9 civile d\u00e9cennale. Les propri\u00e9taires de b\u00e2timents seront \u00e9galement tenus de souscrire une assurance sp\u00e9cifique couvrant les dommages corporels et mat\u00e9riels pouvant r\u00e9sulter d\u2019un vice de construction ou d\u2019un d\u00e9faut d\u2019entretien. Selon\u00a0 le minitre Moussa Sanogo, cette r\u00e9forme contribuera \u00e0 pr\u00e9venir les effondrements d\u2019immeubles, \u00e0 prot\u00e9ger les populations et \u00e0 mieux encadrer l\u2019urbanisation.<\/p>\n<p>Dans le domaine de la sant\u00e9, les s\u00e9nateurs ont adopt\u00e9 le projet de loi relatif \u00e0 la biologie m\u00e9dicale, d\u00e9fendu par le ministre Pierre N\u2019Gou Dimba. Le texte vise \u00e0 renforcer l\u2019encadrement des laboratoires, \u00e0 garantir la fiabilit\u00e9 des examens biologiques et \u00e0 am\u00e9liorer la s\u00e9curit\u00e9 des patients. Il fixe notamment les conditions d\u2019autorisation des laboratoires, encadre les contr\u00f4les de qualit\u00e9 et renforce la protection des donn\u00e9es de sant\u00e9.<\/p>\n<p>Le ministre de l\u2019\u00c9conomie, des Finances et du Budget, Adama Coulibaly, a quant \u00e0 lui pr\u00e9sent\u00e9 trois projets de loi relatifs \u00e0 la r\u00e9forme de la commande publique, \u00e0 la mise en \u0153uvre du d\u00e9mant\u00e8lement tarifaire dans le cadre de la Zone de libre-\u00e9change continentale africaine (ZLECAf) et \u00e0 l\u2019adaptation du r\u00e9gime fiscal applicable au secteur du raffinage p\u00e9trolier. Ces r\u00e9formes visent \u00e0 renforcer la gouvernance \u00e9conomique, am\u00e9liorer l\u2019attractivit\u00e9 du pays et favoriser son int\u00e9gration aux march\u00e9s r\u00e9gionaux et continentaux.<\/p>\n<p>La s\u00e9ance a \u00e9galement consacr\u00e9 l\u2019adoption de cinq projets de loi de ratification pr\u00e9sent\u00e9s par la ministre d\u2019\u00c9tat, ministre des Affaires \u00e9trang\u00e8res et de la Coop\u00e9ration internationale, Nial\u00e9 Kaba. Ces textes concernent notamment la cr\u00e9ation de la Banque africaine de l\u2019\u00e9nergie, la promotion des droits des personnes en situation de handicap ainsi que plusieurs accords a\u00e9riens conclus avec le Br\u00e9sil, l\u2019Angola et le Sultanat d\u2019Oman. Selon la ministre, ces accords contribueront \u00e0 renforcer les \u00e9changes \u00e9conomiques, touristiques et diplomatiques de la C\u00f4te d\u2019Ivoire tout en am\u00e9liorant la connectivit\u00e9 a\u00e9rienne du pays.<\/p>\n<p>Au terme des d\u00e9lib\u00e9rations, l\u2019ensemble des onze(11) projets de loi a \u00e9t\u00e9 adopt\u00e9, confirmant la volont\u00e9 des pouvoirs publics de moderniser les cadres juridique, \u00e9conomique et institutionnel de la C\u00f4te d\u2019Ivoire afin d\u2019accompagner sa dynamique de d\u00e9veloppement.<\/p>\n<p>&nbsp;<\/p>\n<p><strong>Harry Diallo, depuis Yamoussoukro\u00a0<\/strong><\/p>\n<p>&nbsp;<\/p>\n<p>&nbsp;<\/p>\n","protected":false},"excerpt":{"rendered":"<p>R\u00e9unis en s\u00e9ance pl\u00e9ni\u00e8re le jeudi 18 juin 2026 \u00e0 la Fondation F\u00e9lix Houphou\u00ebt-Boigny pour la Recherche de la Paix \u00e0 Yamoussoukro, les s\u00e9nateurs ivoiriens ont adopt\u00e9 onze(11) projets de loi portant ratification d\u2019ordonnances, modification de textes l\u00e9gislatifs et approbation d\u2019accords internationaux. Pr\u00e9sid\u00e9e par Kandia Camara, pr\u00e9sidente du S\u00e9nat, cette session a port\u00e9 sur plusieurs [&hellip;]<\/p>\n","protected":false},"author":4,"featured_media":44338,"comment_status":"closed","ping_status":"closed","sticky":false,"template":"","format":"standard","meta":{"footnotes":""},"categories":[2,17],"tags":[8300,2767,565],"class_list":["post-44337","post","type-post","status-publish","format-standard","has-post-thumbnail","hentry","category-featured","category-politique","tag-loi-adoptes","tag-projets","tag-senat"],"_links":{"self":[{"href":"https:\/\/www.lintelligentdabidjan.info\/news\/wp-json\/wp\/v2\/posts\/44337","targetHints":{"allow":["GET"]}}],"collection":[{"href":"https:\/\/www.lintelligentdabidjan.info\/news\/wp-json\/wp\/v2\/posts"}],"about":[{"href":"https:\/\/www.lintelligentdabidjan.info\/news\/wp-json\/wp\/v2\/types\/post"}],"author":[{"embeddable":true,"href":"https:\/\/www.lintelligentdabidjan.info\/news\/wp-json\/wp\/v2\/users\/4"}],"replies":[{"embeddable":true,"href":"https:\/\/www.lintelligentdabidjan.info\/news\/wp-json\/wp\/v2\/comments?post=44337"}],"version-history":[{"count":1,"href":"https:\/\/www.lintelligentdabidjan.info\/news\/wp-json\/wp\/v2\/posts\/44337\/revisions"}],"predecessor-version":[{"id":44339,"href":"https:\/\/www.lintelligentdabidjan.info\/news\/wp-json\/wp\/v2\/posts\/44337\/revisions\/44339"}],"wp:featuredmedia":[{"embeddable":true,"href":"https:\/\/www.lintelligentdabidjan.info\/news\/wp-json\/wp\/v2\/media\/44338"}],"wp:attachment":[{"href":"https:\/\/www.lintelligentdabidjan.info\/news\/wp-json\/wp\/v2\/media?parent=44337"}],"wp:term":[{"taxonomy":"category","embeddable":true,"href":"https:\/\/www.lintelligentdabidjan.info\/news\/wp-json\/wp\/v2\/categories?post=44337"},{"taxonomy":"post_tag","embeddable":true,"href":"https:\/\/www.lintelligentdabidjan.info\/news\/wp-json\/wp\/v2\/tags?post=44337"}],"curies":[{"name":"wp","href":"https:\/\/api.w.org\/{rel}","templated":true}]}}