{"id":44446,"date":"2026-06-25T07:04:49","date_gmt":"2026-06-25T05:04:49","guid":{"rendered":"https:\/\/www.lintelligentdabidjan.info\/news\/?p=44446"},"modified":"2026-06-25T07:06:11","modified_gmt":"2026-06-25T05:06:11","slug":"lutte-contre-lorpaillage-clandestin-a-bondoukou-le-sous-prefet-sensibilise-les-populations","status":"publish","type":"post","link":"https:\/\/www.lintelligentdabidjan.info\/news\/lutte-contre-lorpaillage-clandestin-a-bondoukou-le-sous-prefet-sensibilise-les-populations\/","title":{"rendered":"Lutte contre l\u2019orpaillage clandestin \u00e0 Bondoukou: Le Sous-Pr\u00e9fet sensibilise les populations"},"content":{"rendered":"<p><strong>Le Sous-Pr\u00e9fet de Bondoukou, Sonh Laurent, a organis\u00e9 une r\u00e9union d\u2019information et de sensibilisation sur l\u2019exploitation mini\u00e8re d\u2019or \u00e0 l\u2019endroit des populations autour du th\u00e8me : \u00ab D\u00e9veloppement de l\u2019activit\u00e9 mini\u00e8re dans la r\u00e9gion de Bondoukou \u00bb. C\u2019\u00e9tait le lundi 22 juin 2026, dans ladite commune.<\/strong><\/p>\n<p>Une rencontre riche d\u2019\u00e9changes qui a enregistr\u00e9 la pr\u00e9sence des autorit\u00e9s municipales, des chefs de village et des chefs de communaut\u00e9s. Repr\u00e9sentant Anzoumana Ouattara, maire de la commune de Bondoukou, Madame Anzoua, 2e Adjointe au maire, a salu\u00e9 cette initiative qui s\u2019inscrit dans la vision du Conseil municipal. Au nom du maire, elle a indiqu\u00e9 que l\u2019exploitation mini\u00e8re constitue aujourd\u2019hui un important levier de d\u00e9veloppement \u00e9conomique et offre des opportunit\u00e9s en mati\u00e8re d\u2019investissements et de cr\u00e9ation d\u2019emplois. \u00ab Cependant, nous savons \u00e9galement que cette m\u00eame exploitation peut engendrer des d\u00e9fis importants lorsqu\u2019elle n\u2019est pas conduite dans le respect des normes environnementales, sociales et s\u00e9curitaires. Les questions de pr\u00e9servation des terres cultivables, de protection des ressources en eau et de sant\u00e9 des populations m\u00e9ritent toute notre attention. C\u2019est pourquoi, le maire Ouattara Anzoumana, absent, salue et suit avec le plus grand int\u00e9r\u00eat la s\u00e9ance de ce jour \u00bb, a-t-elle d\u00e9clar\u00e9.<\/p>\n<p>\u00ab Pour le maire,\u00a0 la sensibilisation permettra \u00e0 chacun de comprendre les enjeux de l\u2019exploitation et de mettre les op\u00e9rateurs en face de leurs responsabilit\u00e9s quant \u00e0 la s\u00e9curit\u00e9 de nos populations. M. le maire voudrait donc inviter les populations \u00e0 privil\u00e9gier le dialogue, \u00e0 s\u2019informer aupr\u00e8s des structures comp\u00e9tentes et \u00e0 collaborer avec les autorit\u00e9s afin que les activit\u00e9s mini\u00e8res se d\u00e9roulent dans un climat de transparence. Il exhorte les exploitants au respect scrupuleux des textes en vigueur et \u00e0 renforcer leurs actions de responsabilit\u00e9 sociale en faveur des riverains \u00bb, a-t-elle indiqu\u00e9.<\/p>\n<p>Sonh Laurent, Sous-Pr\u00e9fet de Bondoukou, a, pour sa part, exhort\u00e9 les populations de Bondoukou au respect des informations li\u00e9es \u00e0 l\u2019orpaillage clandestin. \u00ab Vous avez \u00e9galement \u00e9t\u00e9 inform\u00e9s de tout ce qui est \u00e9tude d\u2019impact environnemental. Aujourd\u2019hui, il n\u2019y a pas plus de raisons pour dire que nous ne savons pas ce que nous allons faire,\u00a0 c\u2019est pourquoi nous nous adonnons \u00e0 l\u2019orpaillage ill\u00e9gal. Nous n\u2019avons pas de raisons. Ce que nous voulons, c\u2019est un pays organis\u00e9 o\u00f9 la l\u00e9galit\u00e9 doit s\u2019appliquer. Vous, chefs de village, vous \u00eates l\u00e0 en tant que repr\u00e9sentants de l\u2019Etat. Nous devons faire en sorte que le chef de l\u2019Etat, dans sa politique sociale, puisse d\u00e9velopper les diff\u00e9rentes localit\u00e9s de la sous-pr\u00e9fecture dans la discipline. Aussi,\u00a0 amener tous les op\u00e9rateurs miniers qui vont exercer et ceux qui ont postul\u00e9 \u00e0 contribuer consid\u00e9rablement au d\u00e9veloppement des diff\u00e9rentes localit\u00e9s en prenant en compte les pr\u00e9occupations des populations \u00bb, a-t-il fait savoir.<\/p>\n<p>Brou Tanoh, op\u00e9rateur \u00e9conomique, s\u2019est dit heureux d\u2019avoir particip\u00e9 \u00e0 cette rencontre. \u00ab Je suis tr\u00e8s heureux que cet atelier soit organis\u00e9 par les autorit\u00e9s administratives de Bondoukou. L\u2019atelier s\u2019est bien tenu. Je lance un appel \u00e0 la jeunesse ivoirienne \u00e0 s\u2019int\u00e9resser \u00e0 cette activit\u00e9 mini\u00e8re. Aujourd\u2019hui, nous avons des ing\u00e9nieurs des mines, des g\u00e9ologues des mines mais si nous les jeunes Ivoiriens,\u00a0 nous ne nous int\u00e9ressons pas \u00e0 cette activit\u00e9, nous ne pourrons pas nous en sortir. C\u2019est pourquoi, j\u2019invite la jeunesse \u00e0 se former dans les \u00e9coles de mines, un secteur pourvoyeur d\u2019emplois. En un mot, j\u2019invite toute la jeunesse \u00e0 se mettre ensemble pour stopper l\u2019orpaillage clandestin parce que des gens de nulle part sont venus piller nos ressources. C\u2019est ensemble que nous allons combattre les orpailleurs clandestins et nous approprier cette activit\u00e9 \u00bb, a-t-il lanc\u00e9.<\/p>\n<p><strong>Ben Adam<\/strong><\/p>\n<p>&nbsp;<\/p>\n<p>&nbsp;<\/p>\n<p>&nbsp;<\/p>\n","protected":false},"excerpt":{"rendered":"<p>Le Sous-Pr\u00e9fet de Bondoukou, Sonh Laurent, a organis\u00e9 une r\u00e9union d\u2019information et de sensibilisation sur l\u2019exploitation mini\u00e8re d\u2019or \u00e0 l\u2019endroit des populations autour du th\u00e8me : \u00ab D\u00e9veloppement de l\u2019activit\u00e9 mini\u00e8re dans la r\u00e9gion de Bondoukou \u00bb. C\u2019\u00e9tait le lundi 22 juin 2026, dans ladite commune. Une rencontre riche d\u2019\u00e9changes qui a enregistr\u00e9 la pr\u00e9sence [&hellip;]<\/p>\n","protected":false},"author":4,"featured_media":44447,"comment_status":"open","ping_status":"closed","sticky":false,"template":"","format":"standard","meta":{"footnotes":""},"categories":[2,3],"tags":[1007,7660,6021,8349,2197],"class_list":["post-44446","post","type-post","status-publish","format-standard","has-post-thumbnail","hentry","category-featured","category-societe","tag-bondoukou","tag-le-sous-prefet","tag-les-populations","tag-lutte-contre-lorpaillage-clandestin","tag-sensibilise"],"_links":{"self":[{"href":"https:\/\/www.lintelligentdabidjan.info\/news\/wp-json\/wp\/v2\/posts\/44446","targetHints":{"allow":["GET"]}}],"collection":[{"href":"https:\/\/www.lintelligentdabidjan.info\/news\/wp-json\/wp\/v2\/posts"}],"about":[{"href":"https:\/\/www.lintelligentdabidjan.info\/news\/wp-json\/wp\/v2\/types\/post"}],"author":[{"embeddable":true,"href":"https:\/\/www.lintelligentdabidjan.info\/news\/wp-json\/wp\/v2\/users\/4"}],"replies":[{"embeddable":true,"href":"https:\/\/www.lintelligentdabidjan.info\/news\/wp-json\/wp\/v2\/comments?post=44446"}],"version-history":[{"count":1,"href":"https:\/\/www.lintelligentdabidjan.info\/news\/wp-json\/wp\/v2\/posts\/44446\/revisions"}],"predecessor-version":[{"id":44448,"href":"https:\/\/www.lintelligentdabidjan.info\/news\/wp-json\/wp\/v2\/posts\/44446\/revisions\/44448"}],"wp:featuredmedia":[{"embeddable":true,"href":"https:\/\/www.lintelligentdabidjan.info\/news\/wp-json\/wp\/v2\/media\/44447"}],"wp:attachment":[{"href":"https:\/\/www.lintelligentdabidjan.info\/news\/wp-json\/wp\/v2\/media?parent=44446"}],"wp:term":[{"taxonomy":"category","embeddable":true,"href":"https:\/\/www.lintelligentdabidjan.info\/news\/wp-json\/wp\/v2\/categories?post=44446"},{"taxonomy":"post_tag","embeddable":true,"href":"https:\/\/www.lintelligentdabidjan.info\/news\/wp-json\/wp\/v2\/tags?post=44446"}],"curies":[{"name":"wp","href":"https:\/\/api.w.org\/{rel}","templated":true}]}}