{"id":44462,"date":"2026-06-26T07:34:53","date_gmt":"2026-06-26T05:34:53","guid":{"rendered":"https:\/\/www.lintelligentdabidjan.info\/news\/?p=44462"},"modified":"2026-06-26T07:35:13","modified_gmt":"2026-06-26T05:35:13","slug":"emploi-le-gouvernement-lance-un-systeme-dinformation-pour-mieux-piloter-le-marche-du-travail","status":"publish","type":"post","link":"https:\/\/www.lintelligentdabidjan.info\/news\/emploi-le-gouvernement-lance-un-systeme-dinformation-pour-mieux-piloter-le-marche-du-travail\/","title":{"rendered":"Emploi : Le gouvernement lance un syst\u00e8me d&#8217;information pour mieux piloter le march\u00e9 du travail"},"content":{"rendered":"<p><strong>Selon une note transmise \u00e0 notre r\u00e9daction , la C\u00f4te d&#8217;Ivoire dispose d\u00e9sormais d&#8217;un outil destin\u00e9 \u00e0 am\u00e9liorer la connaissance et la gouvernance du march\u00e9 du travail. Le ministre de l&#8217;Emploi, de la Protection sociale et de la Formation professionnelle, Me Adama Kamara, a proc\u00e9d\u00e9, mardi 23 juin 2026, \u00e0 l&#8217;Auditorium de la Primature \u00e0 Abidjan-Plateau, au lancement officiel du Syst\u00e8me d&#8217;Information sur le March\u00e9 du Travail (SIMT).<\/strong><\/p>\n<p>Mis en \u0153uvre \u00e0 travers l&#8217;Observatoire national de l&#8217;Emploi et de la Formation (ONEF), le SIMT vise \u00e0 centraliser, analyser et diffuser les donn\u00e9es relatives \u00e0 l&#8217;emploi, \u00e0 la formation et aux comp\u00e9tences afin d&#8217;\u00e9clairer davantage les d\u00e9cisions publiques.\u00a0Pour le ministre, cette plateforme r\u00e9pond \u00e0 un imp\u00e9ratif majeur dans un contexte o\u00f9 pr\u00e8s de 400 000 jeunes arrivent chaque ann\u00e9e sur le march\u00e9 du travail ivoirien. \u00ab On ne peut pas d\u00e9cider efficacement sans donn\u00e9es fiables \u00bb, a-t-il d\u00e9clar\u00e9, relevant que les informations sur l&#8217;emploi et les comp\u00e9tences \u00e9taient jusqu&#8217;ici dispers\u00e9es ou disponibles avec un important d\u00e9calage.\u00a0Selon Me Adama Kamara, le nouveau dispositif permettra de mieux analyser les r\u00e9alit\u00e9s du march\u00e9 du travail, d&#8217;\u00e9valuer l&#8217;impact des politiques publiques et de renforcer la coordination entre les diff\u00e9rents acteurs du secteur. \u00ab Gr\u00e2ce \u00e0 ce syst\u00e8me, nous disposerons d\u00e9sormais d&#8217;indicateurs robustes pour mesurer l&#8217;impact r\u00e9el de nos programmes \u00bb, a-t-il expliqu\u00e9.<\/p>\n<p>Le SIMT repose sur la plateforme num\u00e9rique PointSTAT, d\u00e9velopp\u00e9e avec l&#8217;appui financier de la Banque mondiale dans le cadre du Projet Emploi Jeunes et D\u00e9veloppement des Comp\u00e9tences (PEJEDEC 3) et le soutien technique du Bureau international du Travail (BIT).Le ministre a salu\u00e9 la contribution des partenaires techniques et financiers ainsi que le travail des experts, statisticiens et ing\u00e9nieurs mobilis\u00e9s pour la r\u00e9alisation du projet.\u00a0R\u00e9affirmant l&#8217;engagement du gouvernement \u00e0 assurer la p\u00e9rennit\u00e9 du syst\u00e8me, Me Adama Kamara a indiqu\u00e9 que le SIMT contribuera \u00e0 renforcer l&#8217;ad\u00e9quation entre la formation et l&#8217;emploi. \u00ab Un jeune bien form\u00e9, bien orient\u00e9, dans un secteur qui recrute, c&#8217;est une famille qui vit mieux, un quartier qui prosp\u00e8re et une nation qui avance efficacement \u00bb, a-t-il soutenu.<\/p>\n<p>&nbsp;<\/p>\n<p><strong>Moustapha Ismaila<\/strong><\/p>\n<p><strong>\u00a0<\/strong><\/p>\n<p>&nbsp;<\/p>\n<p>&nbsp;<\/p>\n","protected":false},"excerpt":{"rendered":"<p>Selon une note transmise \u00e0 notre r\u00e9daction , la C\u00f4te d&#8217;Ivoire dispose d\u00e9sormais d&#8217;un outil destin\u00e9 \u00e0 am\u00e9liorer la connaissance et la gouvernance du march\u00e9 du travail. Le ministre de l&#8217;Emploi, de la Protection sociale et de la Formation professionnelle, Me Adama Kamara, a proc\u00e9d\u00e9, mardi 23 juin 2026, \u00e0 l&#8217;Auditorium de la Primature \u00e0 [&hellip;]<\/p>\n","protected":false},"author":4,"featured_media":44463,"comment_status":"open","ping_status":"closed","sticky":false,"template":"","format":"standard","meta":{"footnotes":""},"categories":[2,3],"tags":[2894,6561,8359,8358],"class_list":["post-44462","post","type-post","status-publish","format-standard","has-post-thumbnail","hentry","category-featured","category-societe","tag-emploi","tag-le-gouvernement","tag-le-marche-du-travail","tag-un-systeme-dinformation"],"_links":{"self":[{"href":"https:\/\/www.lintelligentdabidjan.info\/news\/wp-json\/wp\/v2\/posts\/44462","targetHints":{"allow":["GET"]}}],"collection":[{"href":"https:\/\/www.lintelligentdabidjan.info\/news\/wp-json\/wp\/v2\/posts"}],"about":[{"href":"https:\/\/www.lintelligentdabidjan.info\/news\/wp-json\/wp\/v2\/types\/post"}],"author":[{"embeddable":true,"href":"https:\/\/www.lintelligentdabidjan.info\/news\/wp-json\/wp\/v2\/users\/4"}],"replies":[{"embeddable":true,"href":"https:\/\/www.lintelligentdabidjan.info\/news\/wp-json\/wp\/v2\/comments?post=44462"}],"version-history":[{"count":2,"href":"https:\/\/www.lintelligentdabidjan.info\/news\/wp-json\/wp\/v2\/posts\/44462\/revisions"}],"predecessor-version":[{"id":44465,"href":"https:\/\/www.lintelligentdabidjan.info\/news\/wp-json\/wp\/v2\/posts\/44462\/revisions\/44465"}],"wp:featuredmedia":[{"embeddable":true,"href":"https:\/\/www.lintelligentdabidjan.info\/news\/wp-json\/wp\/v2\/media\/44463"}],"wp:attachment":[{"href":"https:\/\/www.lintelligentdabidjan.info\/news\/wp-json\/wp\/v2\/media?parent=44462"}],"wp:term":[{"taxonomy":"category","embeddable":true,"href":"https:\/\/www.lintelligentdabidjan.info\/news\/wp-json\/wp\/v2\/categories?post=44462"},{"taxonomy":"post_tag","embeddable":true,"href":"https:\/\/www.lintelligentdabidjan.info\/news\/wp-json\/wp\/v2\/tags?post=44462"}],"curies":[{"name":"wp","href":"https:\/\/api.w.org\/{rel}","templated":true}]}}