{"id":44500,"date":"2026-06-29T06:39:05","date_gmt":"2026-06-29T04:39:05","guid":{"rendered":"https:\/\/www.lintelligentdabidjan.info\/news\/?p=44500"},"modified":"2026-06-29T06:39:20","modified_gmt":"2026-06-29T04:39:20","slug":"lintelligent-en-pdf-interview-exclusive-idriss-diallo-avant-le-depart-pour-dallas-les-ivoiriens-beaucoup-damour-quand-on-gagne-beaucoup-de-remontrances-quand-on-perd-m","status":"publish","type":"post","link":"https:\/\/www.lintelligentdabidjan.info\/news\/lintelligent-en-pdf-interview-exclusive-idriss-diallo-avant-le-depart-pour-dallas-les-ivoiriens-beaucoup-damour-quand-on-gagne-beaucoup-de-remontrances-quand-on-perd-m\/","title":{"rendered":"L&#8217;Intelligent en PDF:\u00a0INTERVIEW EXCLUSIVE-Idriss Diallo avant le d\u00e9part pour DALLAS\u00a0 : \u00ab Les Ivoiriens : beaucoup d&#8217;amour quand on gagne, beaucoup de remontrances quand on perd (..) mais sans eux, nous ne sommes rien \u00bb"},"content":{"rendered":"<p dir=\"ltr\"><strong>\u00a0Le samedi 27 juin 2026, veille du d\u00e9part des \u00c9l\u00e9phants pour Dallas, o\u00f9 ils disputeront leur 16\u00e8es de finale de la Coupe du monde, le pr\u00e9sident de la F\u00e9d\u00e9ration ivoirienne de football, Yacine Idriss Diallo, s\u2019est exprim\u00e9 depuis l\u2019h\u00f4tel Du Pont, \u00e0 Wilmington dans l&#8217;\u00c9tat de Delaware. Dans cette interview , il revient sur le parcours historique de la C\u00f4te d\u2019Ivoire, les cl\u00e9s de la qualification. Il a \u00e9voqu\u00e9 le 12 septembre 2026, date de l\u2019assembl\u00e9e g\u00e9n\u00e9rale \u00e9lective \u00e0 la FIF.<\/strong><\/p>\n<p dir=\"ltr\">Interview \u00e0 d\u00e9couvrir dans vos kiosques et en ligne sur&#8230;<\/p>\n<p><a href=\"https:\/\/news.abidjan.net\/titrologie\/39-lintelligent-dabidjan\/articles\" target=\"_blank\" rel=\"noopener\">https:\/\/news.abidjan.net\/titrologie\/39-lintelligent-dabidjan\/articles<\/a><\/p>\n<p dir=\"ltr\">\u00a0\u00c0\u00a0 lire aussi\u00a0 LA LETTRE DU MONDIAL 2026 BY ANGE KOUADIO (08) &#8220;Cap sur Dallas en pensant \u00e0 Adjam\u00e9 Dallas et \u00e0 la c\u00e9l\u00e8bre s\u00e9rie t\u00e9l\u00e9&#8221;;\u00a0LETTRE DE L\u2019IA \u2013 PAR WAKILI ALAF\u00c9 &#8220;Retour \u00e0 Paris, regards crois\u00e9s et Club de la presse \u00e0 Abidjan&#8221;<\/p>\n<p dir=\"ltr\">Cliquez pour les d\u00e9tails<\/p>\n<p><a href=\"https:\/\/www.afrikipresse.fr\/abonnement\" target=\"_blank\" rel=\"noopener\">https:\/\/www.afrikipresse.fr\/abonnement<\/a><\/p>\n<p dir=\"ltr\">\u00c0 \u00a0 voir \u00e9galement la mise en garde au niveau des Concours administratifs : la rubrique l&#8217;Intelligence et le combat de la miss C\u00f4te d&#8217;Ivoire Louisette N&#8217;Guessan.<\/p>\n<p><a href=\"https:\/\/www.pressecotedivoire.fr\/titrologie\" target=\"_blank\" rel=\"noopener\">https:\/\/www.pressecotedivoire.fr\/titrologie<\/a><\/p>\n","protected":false},"excerpt":{"rendered":"<p>\u00a0Le samedi 27 juin 2026, veille du d\u00e9part des \u00c9l\u00e9phants pour Dallas, o\u00f9 ils disputeront leur 16\u00e8es de finale de la Coupe du monde, le pr\u00e9sident de la F\u00e9d\u00e9ration ivoirienne de football, Yacine Idriss Diallo, s\u2019est exprim\u00e9 depuis l\u2019h\u00f4tel Du Pont, \u00e0 Wilmington dans l&#8217;\u00c9tat de Delaware. Dans cette interview , il revient sur le [&hellip;]<\/p>\n","protected":false},"author":4,"featured_media":44501,"comment_status":"open","ping_status":"closed","sticky":false,"template":"","format":"standard","meta":{"footnotes":""},"categories":[2,3],"tags":[],"class_list":["post-44500","post","type-post","status-publish","format-standard","has-post-thumbnail","hentry","category-featured","category-societe"],"_links":{"self":[{"href":"https:\/\/www.lintelligentdabidjan.info\/news\/wp-json\/wp\/v2\/posts\/44500","targetHints":{"allow":["GET"]}}],"collection":[{"href":"https:\/\/www.lintelligentdabidjan.info\/news\/wp-json\/wp\/v2\/posts"}],"about":[{"href":"https:\/\/www.lintelligentdabidjan.info\/news\/wp-json\/wp\/v2\/types\/post"}],"author":[{"embeddable":true,"href":"https:\/\/www.lintelligentdabidjan.info\/news\/wp-json\/wp\/v2\/users\/4"}],"replies":[{"embeddable":true,"href":"https:\/\/www.lintelligentdabidjan.info\/news\/wp-json\/wp\/v2\/comments?post=44500"}],"version-history":[{"count":1,"href":"https:\/\/www.lintelligentdabidjan.info\/news\/wp-json\/wp\/v2\/posts\/44500\/revisions"}],"predecessor-version":[{"id":44502,"href":"https:\/\/www.lintelligentdabidjan.info\/news\/wp-json\/wp\/v2\/posts\/44500\/revisions\/44502"}],"wp:featuredmedia":[{"embeddable":true,"href":"https:\/\/www.lintelligentdabidjan.info\/news\/wp-json\/wp\/v2\/media\/44501"}],"wp:attachment":[{"href":"https:\/\/www.lintelligentdabidjan.info\/news\/wp-json\/wp\/v2\/media?parent=44500"}],"wp:term":[{"taxonomy":"category","embeddable":true,"href":"https:\/\/www.lintelligentdabidjan.info\/news\/wp-json\/wp\/v2\/categories?post=44500"},{"taxonomy":"post_tag","embeddable":true,"href":"https:\/\/www.lintelligentdabidjan.info\/news\/wp-json\/wp\/v2\/tags?post=44500"}],"curies":[{"name":"wp","href":"https:\/\/api.w.org\/{rel}","templated":true}]}}