{"id":44579,"date":"2026-07-02T07:57:23","date_gmt":"2026-07-02T05:57:23","guid":{"rendered":"https:\/\/www.lintelligentdabidjan.info\/news\/?p=44579"},"modified":"2026-07-02T07:58:17","modified_gmt":"2026-07-02T05:58:17","slug":"katiola-le-maire-thomas-camara-remet-un-forage-moderne-au-village-de-kpefele","status":"publish","type":"post","link":"https:\/\/www.lintelligentdabidjan.info\/news\/katiola-le-maire-thomas-camara-remet-un-forage-moderne-au-village-de-kpefele\/","title":{"rendered":"Katiola : le maire\u00a0 Thomas Camara remet un forage moderne au village de Kp\u00e9f\u00e9l\u00e9"},"content":{"rendered":"<p><strong>L\u2019ex-ministre\u00a0 Thomas Camara, d\u00e9put\u00e9-maire de Katiola, a inaugur\u00e9, le samedi 27 juin 2026, un forage moderne au village de Kp\u00e9f\u00e9l\u00e9, situ\u00e9 \u00e0 cinq kilom\u00e8tres de Katiola. Financ\u00e9 par le Conseil municipal, l&#8217;ouvrage a \u00e9t\u00e9 remis aux populations \u00e0 l&#8217;occasion de la \u00ab F\u00eate de l&#8217;eau \u00bb, organis\u00e9e au Centre culturel No\u00ebl Nemin.<\/strong><\/p>\n<p>La c\u00e9r\u00e9monie a mobilis\u00e9 autorit\u00e9s administratives, chefferie traditionnelle, cadres du village et de nombreux habitants, venus c\u00e9l\u00e9brer cette infrastructure destin\u00e9e \u00e0 am\u00e9liorer durablement l&#8217;acc\u00e8s \u00e0 l&#8217;eau potable.<\/p>\n<p>Peupl\u00e9 de plus de 3 000 habitants, Kp\u00e9f\u00e9l\u00e9 faisait face depuis plusieurs ann\u00e9es \u00e0 d&#8217;importantes difficult\u00e9s d&#8217;approvisionnement en eau. La mise en service de ce forage devrait contribuer \u00e0 am\u00e9liorer les conditions de vie des populations.<\/p>\n<p>\u00c0 cette occasion, Thomas Camara a r\u00e9affirm\u00e9 sa volont\u00e9 de poursuivre les investissements en faveur des services sociaux de base. \u00ab L&#8217;acc\u00e8s \u00e0 l&#8217;eau potable est un droit fondamental. Nous poursuivons nos efforts afin qu&#8217;aucun village de notre commune ne soit priv\u00e9 de cette ressource vitale. Cette r\u00e9alisation s&#8217;inscrit dans la vision du Pr\u00e9sident de la R\u00e9publique, Alassane Ouattara, qui place le bien-\u00eatre des populations au c\u0153ur de son action \u00bb, a-t-il d\u00e9clar\u00e9.<\/p>\n<p>Le d\u00e9put\u00e9-maire a rappel\u00e9 que l&#8217;am\u00e9lioration de l&#8217;acc\u00e8s \u00e0 l&#8217;eau constitue une priorit\u00e9 de son mandat. Selon lui, tous les quartiers et villages de la commune disposent d\u00e9sormais d&#8217;au moins un forage gr\u00e2ce aux investissements r\u00e9alis\u00e9s par le Conseil municipal.<\/p>\n<p>Au nom des populations, Tour\u00e9 Amara a salu\u00e9 cette r\u00e9alisation. \u00ab Pendant longtemps, nous avons souffert du manque d&#8217;eau potable. Gr\u00e2ce \u00e0 ce forage, nos femmes et nos enfants n&#8217;auront plus \u00e0 parcourir de longues distances pour s&#8217;approvisionner. Nous remercions le ministre Thomas Camara ainsi que le Pr\u00e9sident Alassane Ouattara pour leur engagement \u00bb, a-t-il affirm\u00e9.<\/p>\n<p>Selon la mairie, plus de 50 forages ont \u00e9t\u00e9 r\u00e9alis\u00e9s dans le d\u00e9partement de Katiola entre 2013 et 2026, renfor\u00e7ant ainsi l&#8217;acc\u00e8s des populations \u00e0 l&#8217;eau potable.<\/p>\n<p><strong>Nambac\u00e9r\u00e9 Jo\u00ebl avec le sercom\u00a0<\/strong><\/p>\n<p>&nbsp;<\/p>\n<p>&nbsp;<\/p>\n<p>&nbsp;<\/p>\n","protected":false},"excerpt":{"rendered":"<p>L\u2019ex-ministre\u00a0 Thomas Camara, d\u00e9put\u00e9-maire de Katiola, a inaugur\u00e9, le samedi 27 juin 2026, un forage moderne au village de Kp\u00e9f\u00e9l\u00e9, situ\u00e9 \u00e0 cinq kilom\u00e8tres de Katiola. Financ\u00e9 par le Conseil municipal, l&#8217;ouvrage a \u00e9t\u00e9 remis aux populations \u00e0 l&#8217;occasion de la \u00ab F\u00eate de l&#8217;eau \u00bb, organis\u00e9e au Centre culturel No\u00ebl Nemin. La c\u00e9r\u00e9monie a [&hellip;]<\/p>\n","protected":false},"author":4,"featured_media":44580,"comment_status":"open","ping_status":"closed","sticky":false,"template":"","format":"standard","meta":{"footnotes":""},"categories":[2,3],"tags":[41,8403,8435,8436],"class_list":["post-44579","post","type-post","status-publish","format-standard","has-post-thumbnail","hentry","category-featured","category-societe","tag-katiola","tag-le-maire-thomas-camara","tag-un-forage-moderne","tag-village-de-kpefele"],"_links":{"self":[{"href":"https:\/\/www.lintelligentdabidjan.info\/news\/wp-json\/wp\/v2\/posts\/44579","targetHints":{"allow":["GET"]}}],"collection":[{"href":"https:\/\/www.lintelligentdabidjan.info\/news\/wp-json\/wp\/v2\/posts"}],"about":[{"href":"https:\/\/www.lintelligentdabidjan.info\/news\/wp-json\/wp\/v2\/types\/post"}],"author":[{"embeddable":true,"href":"https:\/\/www.lintelligentdabidjan.info\/news\/wp-json\/wp\/v2\/users\/4"}],"replies":[{"embeddable":true,"href":"https:\/\/www.lintelligentdabidjan.info\/news\/wp-json\/wp\/v2\/comments?post=44579"}],"version-history":[{"count":1,"href":"https:\/\/www.lintelligentdabidjan.info\/news\/wp-json\/wp\/v2\/posts\/44579\/revisions"}],"predecessor-version":[{"id":44581,"href":"https:\/\/www.lintelligentdabidjan.info\/news\/wp-json\/wp\/v2\/posts\/44579\/revisions\/44581"}],"wp:featuredmedia":[{"embeddable":true,"href":"https:\/\/www.lintelligentdabidjan.info\/news\/wp-json\/wp\/v2\/media\/44580"}],"wp:attachment":[{"href":"https:\/\/www.lintelligentdabidjan.info\/news\/wp-json\/wp\/v2\/media?parent=44579"}],"wp:term":[{"taxonomy":"category","embeddable":true,"href":"https:\/\/www.lintelligentdabidjan.info\/news\/wp-json\/wp\/v2\/categories?post=44579"},{"taxonomy":"post_tag","embeddable":true,"href":"https:\/\/www.lintelligentdabidjan.info\/news\/wp-json\/wp\/v2\/tags?post=44579"}],"curies":[{"name":"wp","href":"https:\/\/api.w.org\/{rel}","templated":true}]}}