{"id":44582,"date":"2026-07-02T08:00:39","date_gmt":"2026-07-02T06:00:39","guid":{"rendered":"https:\/\/www.lintelligentdabidjan.info\/news\/?p=44582"},"modified":"2026-07-02T08:02:30","modified_gmt":"2026-07-02T06:02:30","slug":"lintelligent-en-pdf-greenxexpo-2027-au-japon-la-cote-divoire-se-met-deja-au-vert","status":"publish","type":"post","link":"https:\/\/www.lintelligentdabidjan.info\/news\/lintelligent-en-pdf-greenxexpo-2027-au-japon-la-cote-divoire-se-met-deja-au-vert\/","title":{"rendered":"\u00a0L&#8217;Intelligent en PDF:  GREEN\u00d7EXPO 2027\u00a0  Au Japon la C\u00f4te d\u2019Ivoire se met d\u00e9j\u00e0 au vert\u00a0"},"content":{"rendered":"<p dir=\"ltr\"><strong>Une d\u00e9l\u00e9gation ivoirienne prend part, depuis le mardi 30 juin 2026, \u00e0 l\u2019International Participants Meeting (IPM) du GREEN\u00d7EXPO 2027, au Centre de Conf\u00e9rences de Yokohama, au Japon. Cette r\u00e9union officielle de coordination, organis\u00e9e par l\u2019Association japonaise pour l\u2019Exposition horticole internationale 2027, r\u00e9unit les repr\u00e9sentants des pays participants et les organisateurs de l\u2019Expo dans le cadre des pr\u00e9paratifs de cette manifestation mondiale d\u2019envergure.<\/strong><\/p>\n<p dir=\"ltr\">La suite \u00e0 d\u00e9couvrir dans vos kiosques et en ligne sur&#8230;<\/p>\n<p><a href=\"https:\/\/news.abidjan.net\/titrologie\/39-lintelligent-dabidjan\/articles\" target=\"_blank\" rel=\"noopener\">https:\/\/news.abidjan.net\/titrologie\/39-lintelligent-dabidjan\/articles<\/a><\/p>\n<p dir=\"ltr\">\u00c0\u00a0 lire aussi Amadou Coulibaly d\u00e9bat et d\u00e9balle au sujet des\u00a0D\u00c9GUERPIS et\u00a0 l&#8217;ORGANE \u00c9LECTORAL; \u00a0 Diallo, Toh\u00e9 et Fa\u00e9 parlent apr\u00e8s la d\u00e9faite\u00a0 \u00a0 des \u00c9L\u00c9PHANTS AU MONDIAL; Abidjan mouille le maillot dans le cadre de la S\u00c9CURIT\u00c9 DES OC\u00c9ANS; \u00c7a d\u00e9marre fort \u00e0 Maf\u00e9r\u00e9 au niveau de TRADIMO VACANCES 2026.<\/p>\n<p dir=\"ltr\">Cliquez pour les d\u00e9tails<\/p>\n<p><a href=\"https:\/\/www.afrikipresse.fr\/abonnement\" target=\"_blank\" rel=\"noopener\">https:\/\/www.afrikipresse.fr\/abonnement<\/a><\/p>\n<p dir=\"ltr\">\u00c0\u00a0 voir \u00e9galement des v\u00e9rit\u00e9s\u00a0 \u00e0 savoir sur l&#8217;\u00c9GALIT\u00c9 DE GENRE et Les r\u00e8gles changent au niveau de l&#8217;AFFECTATION 6\u00c8 \/ ORIENTATION 2NDE.<\/p>\n<p><a href=\"https:\/\/www.pressecotedivoire.fr\/titrologie\" target=\"_blank\" rel=\"noopener\">https:\/\/www.pressecotedivoire.fr\/titrologie<\/a><\/p>\n","protected":false},"excerpt":{"rendered":"<p>Une d\u00e9l\u00e9gation ivoirienne prend part, depuis le mardi 30 juin 2026, \u00e0 l\u2019International Participants Meeting (IPM) du GREEN\u00d7EXPO 2027, au Centre de Conf\u00e9rences de Yokohama, au Japon. Cette r\u00e9union officielle de coordination, organis\u00e9e par l\u2019Association japonaise pour l\u2019Exposition horticole internationale 2027, r\u00e9unit les repr\u00e9sentants des pays participants et les organisateurs de l\u2019Expo dans le cadre [&hellip;]<\/p>\n","protected":false},"author":4,"featured_media":44583,"comment_status":"open","ping_status":"closed","sticky":false,"template":"","format":"standard","meta":{"footnotes":""},"categories":[2,3],"tags":[],"class_list":["post-44582","post","type-post","status-publish","format-standard","has-post-thumbnail","hentry","category-featured","category-societe"],"_links":{"self":[{"href":"https:\/\/www.lintelligentdabidjan.info\/news\/wp-json\/wp\/v2\/posts\/44582","targetHints":{"allow":["GET"]}}],"collection":[{"href":"https:\/\/www.lintelligentdabidjan.info\/news\/wp-json\/wp\/v2\/posts"}],"about":[{"href":"https:\/\/www.lintelligentdabidjan.info\/news\/wp-json\/wp\/v2\/types\/post"}],"author":[{"embeddable":true,"href":"https:\/\/www.lintelligentdabidjan.info\/news\/wp-json\/wp\/v2\/users\/4"}],"replies":[{"embeddable":true,"href":"https:\/\/www.lintelligentdabidjan.info\/news\/wp-json\/wp\/v2\/comments?post=44582"}],"version-history":[{"count":3,"href":"https:\/\/www.lintelligentdabidjan.info\/news\/wp-json\/wp\/v2\/posts\/44582\/revisions"}],"predecessor-version":[{"id":44586,"href":"https:\/\/www.lintelligentdabidjan.info\/news\/wp-json\/wp\/v2\/posts\/44582\/revisions\/44586"}],"wp:featuredmedia":[{"embeddable":true,"href":"https:\/\/www.lintelligentdabidjan.info\/news\/wp-json\/wp\/v2\/media\/44583"}],"wp:attachment":[{"href":"https:\/\/www.lintelligentdabidjan.info\/news\/wp-json\/wp\/v2\/media?parent=44582"}],"wp:term":[{"taxonomy":"category","embeddable":true,"href":"https:\/\/www.lintelligentdabidjan.info\/news\/wp-json\/wp\/v2\/categories?post=44582"},{"taxonomy":"post_tag","embeddable":true,"href":"https:\/\/www.lintelligentdabidjan.info\/news\/wp-json\/wp\/v2\/tags?post=44582"}],"curies":[{"name":"wp","href":"https:\/\/api.w.org\/{rel}","templated":true}]}}