{"id":44648,"date":"2026-07-06T07:37:49","date_gmt":"2026-07-06T05:37:49","guid":{"rendered":"https:\/\/www.lintelligentdabidjan.info\/news\/?p=44648"},"modified":"2026-07-06T07:38:08","modified_gmt":"2026-07-06T05:38:08","slug":"lutte-contre-la-lepre-de-nouvelles-infrastructures-renforcent-les-services-sociaux-a-bediala","status":"publish","type":"post","link":"https:\/\/www.lintelligentdabidjan.info\/news\/lutte-contre-la-lepre-de-nouvelles-infrastructures-renforcent-les-services-sociaux-a-bediala\/","title":{"rendered":"Lutte contre la l\u00e8pre : de nouvelles infrastructures renforcent les services sociaux \u00e0 B\u00e9diala"},"content":{"rendered":"<p><strong>Le minist\u00e8re de la Sant\u00e9, de l\u2019Hygi\u00e8ne publique et de la Couverture maladie universelle, avec l\u2019appui de la Fondation Raoul Follereau, a remis, le 3 juillet 2026 \u00e0 B\u00e9diala, plusieurs infrastructures communautaires r\u00e9alis\u00e9es dans le cadre du projet de renforcement de la r\u00e9ponse communautaire contre la l\u00e8pre et les maladies tropicales n\u00e9glig\u00e9es (MTN) \u00e0 manifestation cutan\u00e9e.<\/strong><\/p>\n<p>La c\u00e9r\u00e9monie s\u2019est d\u00e9roul\u00e9e en pr\u00e9sence du sous-pr\u00e9fet de B\u00e9diala, Kouassi Hamed Kouadio, du directeur r\u00e9gional de la Sant\u00e9, Raux Yao, repr\u00e9sentant le minist\u00e8re, d\u2019Agodjo Gob\u00e9 \u00c9lis\u00e9, charg\u00e9 du suivi-\u00e9valuation du Projet 360 \u00e0 la Fondation Raoul Follereau, ainsi que des autorit\u00e9s locales et des populations b\u00e9n\u00e9ficiaires.<\/p>\n<p>Les ouvrages concernent les secteurs de l\u2019\u00e9ducation, de l\u2019eau, de l\u2019hygi\u00e8ne et de l\u2019assainissement.<\/p>\n<p>\u00c0 Banoufla, trois salles de classe des groupes scolaires Banoufla 1 et 2 ont \u00e9t\u00e9 r\u00e9habilit\u00e9es et des blocs de latrines s\u00e9par\u00e9s pour les filles, les gar\u00e7ons et les enseignants ont \u00e9t\u00e9 construits. \u00c0 Gnanagonfla, un nouveau bloc de latrines a \u00e9galement \u00e9t\u00e9 mis en service. Dans le secteur de la sant\u00e9, la maternit\u00e9 de Befla et le village d\u2019Assawr\u00e8kro ont chacun \u00e9t\u00e9 dot\u00e9s d\u2019un mini ch\u00e2teau d\u2019eau de 5 000 litres. Des toilettes ont aussi \u00e9t\u00e9 construites \u00e0 l\u2019EPP Befla 1 et 2, tandis que des dispositifs de lavage des mains et du mat\u00e9riel d\u2019entretien ont \u00e9t\u00e9 remis aux comit\u00e9s de gestion afin d\u2019assurer la p\u00e9rennit\u00e9 des infrastructures.<\/p>\n<p>Mis en \u0153uvre dans 34 villages entre 2024 et 2025, le projet a \u00e9galement permis de renforcer les capacit\u00e9s des acteurs locaux, d\u2019am\u00e9liorer la veille communautaire et de promouvoir le d\u00e9pistage pr\u00e9coce ainsi que la pr\u00e9vention des MTN.<\/p>\n<p>Recevant les cl\u00e9s des ouvrages, le sous-pr\u00e9fet a salu\u00e9 une initiative qui am\u00e9liore les conditions de vie des populations et contribue \u00e0 la lutte contre ces maladies. Il a invit\u00e9 les b\u00e9n\u00e9ficiaires \u00e0 assurer une gestion rigoureuse des infrastructures afin d\u2019en garantir la durabilit\u00e9.<\/p>\n<p>Pour sa part, Agodjo Gob\u00e9 \u00c9lis\u00e9, repr\u00e9sentant de la Fondation Raoul Follereau, s\u2019est f\u00e9licit\u00e9 des r\u00e9sultats obtenus gr\u00e2ce au projet.<\/p>\n<p>Il a exhort\u00e9 les communaut\u00e9s \u00e0 pr\u00e9server les infrastructures et \u00e0 consolider les acquis enregistr\u00e9s, notamment le renforcement des capacit\u00e9s des acteurs locaux, l\u2019am\u00e9lioration de la veille communautaire et l\u2019implication des populations dans la pr\u00e9vention et la lutte contre la l\u00e8pre et les maladies tropicales n\u00e9glig\u00e9es \u00e0 manifestation cutan\u00e9e.<\/p>\n<p>Selon lui, la p\u00e9rennit\u00e9 de ces acquis d\u00e9pendra de l\u2019appropriation des ouvrages par les b\u00e9n\u00e9ficiaires et de leur entretien r\u00e9gulier.<\/p>\n<p><strong>Beker Yao<\/strong><\/p>\n<p>&nbsp;<\/p>\n<p>&nbsp;<\/p>\n<p>&nbsp;<\/p>\n","protected":false},"excerpt":{"rendered":"<p>Le minist\u00e8re de la Sant\u00e9, de l\u2019Hygi\u00e8ne publique et de la Couverture maladie universelle, avec l\u2019appui de la Fondation Raoul Follereau, a remis, le 3 juillet 2026 \u00e0 B\u00e9diala, plusieurs infrastructures communautaires r\u00e9alis\u00e9es dans le cadre du projet de renforcement de la r\u00e9ponse communautaire contre la l\u00e8pre et les maladies tropicales n\u00e9glig\u00e9es (MTN) \u00e0 manifestation [&hellip;]<\/p>\n","protected":false},"author":4,"featured_media":44649,"comment_status":"open","ping_status":"closed","sticky":false,"template":"","format":"standard","meta":{"footnotes":""},"categories":[2,3],"tags":[704,8467,8468,8466],"class_list":["post-44648","post","type-post","status-publish","format-standard","has-post-thumbnail","hentry","category-featured","category-societe","tag-bediala","tag-de-nouvelles-infrastructures","tag-les-services-sociaux","tag-lutte-contre-la-lepre"],"_links":{"self":[{"href":"https:\/\/www.lintelligentdabidjan.info\/news\/wp-json\/wp\/v2\/posts\/44648","targetHints":{"allow":["GET"]}}],"collection":[{"href":"https:\/\/www.lintelligentdabidjan.info\/news\/wp-json\/wp\/v2\/posts"}],"about":[{"href":"https:\/\/www.lintelligentdabidjan.info\/news\/wp-json\/wp\/v2\/types\/post"}],"author":[{"embeddable":true,"href":"https:\/\/www.lintelligentdabidjan.info\/news\/wp-json\/wp\/v2\/users\/4"}],"replies":[{"embeddable":true,"href":"https:\/\/www.lintelligentdabidjan.info\/news\/wp-json\/wp\/v2\/comments?post=44648"}],"version-history":[{"count":1,"href":"https:\/\/www.lintelligentdabidjan.info\/news\/wp-json\/wp\/v2\/posts\/44648\/revisions"}],"predecessor-version":[{"id":44650,"href":"https:\/\/www.lintelligentdabidjan.info\/news\/wp-json\/wp\/v2\/posts\/44648\/revisions\/44650"}],"wp:featuredmedia":[{"embeddable":true,"href":"https:\/\/www.lintelligentdabidjan.info\/news\/wp-json\/wp\/v2\/media\/44649"}],"wp:attachment":[{"href":"https:\/\/www.lintelligentdabidjan.info\/news\/wp-json\/wp\/v2\/media?parent=44648"}],"wp:term":[{"taxonomy":"category","embeddable":true,"href":"https:\/\/www.lintelligentdabidjan.info\/news\/wp-json\/wp\/v2\/categories?post=44648"},{"taxonomy":"post_tag","embeddable":true,"href":"https:\/\/www.lintelligentdabidjan.info\/news\/wp-json\/wp\/v2\/tags?post=44648"}],"curies":[{"name":"wp","href":"https:\/\/api.w.org\/{rel}","templated":true}]}}