{"id":44786,"date":"2026-07-14T08:36:25","date_gmt":"2026-07-14T06:36:25","guid":{"rendered":"https:\/\/www.lintelligentdabidjan.info\/news\/?p=44786"},"modified":"2026-07-14T17:01:26","modified_gmt":"2026-07-14T15:01:26","slug":"medias-lasdm-equipe-12-radios-privees-non-commerciales-sous-la-presidence-du-ministre-de-la-communication","status":"publish","type":"post","link":"https:\/\/www.lintelligentdabidjan.info\/news\/medias-lasdm-equipe-12-radios-privees-non-commerciales-sous-la-presidence-du-ministre-de-la-communication\/","title":{"rendered":"M\u00e9dias:  L&#8217;ASDM \u00e9quipe 12 radios priv\u00e9es non commerciales sous la pr\u00e9sidence du Ministre de la Communication"},"content":{"rendered":"<p><strong>L&#8217;Agence de Soutien et de D\u00e9veloppement des M\u00e9dias (ASDM)dirig\u00e9e par M. M\u00e9it\u00e9 Sindou organisera, le jeudi 16 juillet 2026 \u00e0 15 heures, \u00e0 l&#8217;ISTC-Polytechnique d&#8217;Abidjan, la \u00ab C\u00e9r\u00e9monie officielle de remise d&#8217;\u00e9quipements aux radios priv\u00e9es non commerciales \u00bb. Cette c\u00e9r\u00e9monie se tiendra sous la pr\u00e9sidence effective du Ministre de la Communication, porte-parole du Gouvernement, M. Amadou Coulibaly.\u00a0<\/strong><\/p>\n<p>Douze radios priv\u00e9es non commerciales, pr\u00e9sentes sur l&#8217;ensemble du territoire national, recevront \u00e0 cette occasion des \u00e9quipements techniques et informatiques destin\u00e9s \u00e0 renforcer leurs capacit\u00e9s op\u00e9rationnelles.<br \/>\nCette remise s&#8217;inscrit dans le cadre du Plan Strat\u00e9gique de Soutien et de D\u00e9veloppement des M\u00e9dias (PSSDM) 2024-2026, qui vise notamment \u00e0 renforcer les capacit\u00e9s techniques des m\u00e9dias, accompagner la professionnalisation du secteur et soutenir la viabilit\u00e9 \u00e9conomique des entreprises de presse.<\/p>\n<p>Depuis 2023, l&#8217;ASDM, a ainsi accompagn\u00e9 52 radios priv\u00e9es non commerciales, confirmant l&#8217;engagement constant de l&#8217;Agence aupr\u00e8s de ces radios, v\u00e9ritables leaders de l&#8217;information de proximit\u00e9 et derniers maillons de la cha\u00eene d&#8217;information aupr\u00e8s des populations.<br \/>\nL&#8217;ASDM a pour mission de soutenir et d&#8217;accompagner les entreprises du secteur des m\u00e9dias priv\u00e9s, les organisations professionnelles et les organismes de radiodiffusion sonore ou t\u00e9l\u00e9visuelle priv\u00e9e non commerciale en C\u00f4te d&#8217;Ivoire.<\/p>\n","protected":false},"excerpt":{"rendered":"<p>L&#8217;Agence de Soutien et de D\u00e9veloppement des M\u00e9dias (ASDM)dirig\u00e9e par M. M\u00e9it\u00e9 Sindou organisera, le jeudi 16 juillet 2026 \u00e0 15 heures, \u00e0 l&#8217;ISTC-Polytechnique d&#8217;Abidjan, la \u00ab C\u00e9r\u00e9monie officielle de remise d&#8217;\u00e9quipements aux radios priv\u00e9es non commerciales \u00bb. Cette c\u00e9r\u00e9monie se tiendra sous la pr\u00e9sidence effective du Ministre de la Communication, porte-parole du Gouvernement, M. [&hellip;]<\/p>\n","protected":false},"author":4,"featured_media":44775,"comment_status":"open","ping_status":"closed","sticky":false,"template":"","format":"standard","meta":{"footnotes":""},"categories":[2,3],"tags":[125,2549,8543],"class_list":["post-44786","post","type-post","status-publish","format-standard","has-post-thumbnail","hentry","category-featured","category-societe","tag-bouake","tag-marie-laure-ngoran","tag-vision-journalistes"],"_links":{"self":[{"href":"https:\/\/www.lintelligentdabidjan.info\/news\/wp-json\/wp\/v2\/posts\/44786","targetHints":{"allow":["GET"]}}],"collection":[{"href":"https:\/\/www.lintelligentdabidjan.info\/news\/wp-json\/wp\/v2\/posts"}],"about":[{"href":"https:\/\/www.lintelligentdabidjan.info\/news\/wp-json\/wp\/v2\/types\/post"}],"author":[{"embeddable":true,"href":"https:\/\/www.lintelligentdabidjan.info\/news\/wp-json\/wp\/v2\/users\/4"}],"replies":[{"embeddable":true,"href":"https:\/\/www.lintelligentdabidjan.info\/news\/wp-json\/wp\/v2\/comments?post=44786"}],"version-history":[{"count":3,"href":"https:\/\/www.lintelligentdabidjan.info\/news\/wp-json\/wp\/v2\/posts\/44786\/revisions"}],"predecessor-version":[{"id":44798,"href":"https:\/\/www.lintelligentdabidjan.info\/news\/wp-json\/wp\/v2\/posts\/44786\/revisions\/44798"}],"wp:featuredmedia":[{"embeddable":true,"href":"https:\/\/www.lintelligentdabidjan.info\/news\/wp-json\/wp\/v2\/media\/44775"}],"wp:attachment":[{"href":"https:\/\/www.lintelligentdabidjan.info\/news\/wp-json\/wp\/v2\/media?parent=44786"}],"wp:term":[{"taxonomy":"category","embeddable":true,"href":"https:\/\/www.lintelligentdabidjan.info\/news\/wp-json\/wp\/v2\/categories?post=44786"},{"taxonomy":"post_tag","embeddable":true,"href":"https:\/\/www.lintelligentdabidjan.info\/news\/wp-json\/wp\/v2\/tags?post=44786"}],"curies":[{"name":"wp","href":"https:\/\/api.w.org\/{rel}","templated":true}]}}